{"id":954,"date":"2022-09-23T06:04:22","date_gmt":"2022-09-23T04:04:22","guid":{"rendered":"https:\/\/vlakem.chlebiq.eu\/spanek-spokojenych\/"},"modified":"2022-09-23T06:04:22","modified_gmt":"2022-09-23T04:04:22","slug":"spanek-spokojenych","status":"publish","type":"post","link":"https:\/\/blogy.chlebiq.eu\/vlakem\/spanek-spokojenych\/","title":{"rendered":"Sp\u00e1nek spokojen\u00fdch"},"content":{"rendered":"\n<p>Kr\u00e1tce po \u0161est\u00e9 hodin\u011b je \u010dek\u00e1rna na n\u00e1dra\u017e\u00ed otev\u0159en\u00e1 a vytopen\u00e1 a sedm z osmi \u010dlen\u016f pos\u00e1dky spokojen\u011b sp\u00ed, a\u017e na jednoho v\u0161ichni vle\u017ee tak, \u017ee ka\u017ed\u00fd zab\u00edr\u00e1 jednu lavi\u010dku. Pan\u00ed naproti hrozn\u011b \u0161tve p\u00e1n o dv\u011b lavi\u010dky d\u00e1l, proto\u017ee docela hlasit\u011b chr\u00e1pe. Hlavu si schovala do bundy a sna\u017e\u00ed se znovu zabrat. Zvu\u010dn\u00fd reproduktor, jen\u017e do toho sp\u00e1nku promlouv\u00e1 jak\u00fdmsi podivn\u00fdm jazykem a oznamuje p\u0159\u00edjezdy a odjezdem, j\u00ed kupodivu nevad\u00ed.<\/p>\n\n\n\n<p>Bezdomovc\u016f jsem v Budape\u0161ti potkal hodn\u011b. V\u011bt\u0161ina sp\u00ed v zapu\u0161t\u011bn\u00fdch vchodech obchod\u016f nebo \u010din\u017e\u00e1k\u016f. Jeden poklimb\u00e1val ve v\u00fdklenku p\u0159ed z\u00e1chod\u011b v Mek\u00e1\u010di. Ob\u010das um\u00ed b\u00fdt p\u011bkn\u011b vynal\u00e9zav\u00ed. Tu jejich roli s nimi hraju pokorn\u011b a trp\u011bliv\u011b, na\u0161t\u011bst\u00ed s \u00falevou, \u017ee j\u00e1 to m\u00e1m jen do\u010dasn\u011b. <\/p>\n","protected":false},"excerpt":{"rendered":"<p>Kr\u00e1tce po \u0161est\u00e9 hodin\u011b je \u010dek\u00e1rna na n\u00e1dra\u017e\u00ed otev\u0159en\u00e1 a vytopen\u00e1 a sedm z osmi \u010dlen\u016f pos\u00e1dky spokojen\u011b sp\u00ed, a\u017e na jednoho v\u0161ichni vle\u017ee tak, \u017ee ka\u017ed\u00fd zab\u00edr\u00e1 jednu lavi\u010dku. Pan\u00ed naproti hrozn\u011b \u0161tve p\u00e1n o dv\u011b lavi\u010dky d\u00e1l, proto\u017ee docela hlasit\u011b chr\u00e1pe. Hlavu si schovala do bundy a sna\u017e\u00ed se znovu zabrat. Zvu\u010dn\u00fd reproduktor, &#8230; <a title=\"Sp\u00e1nek spokojen\u00fdch\" class=\"read-more\" href=\"https:\/\/blogy.chlebiq.eu\/vlakem\/spanek-spokojenych\/\">Read more<span class=\"screen-reader-text\">Sp\u00e1nek spokojen\u00fdch<\/span><\/a><\/p>\n","protected":false},"author":1,"featured_media":0,"comment_status":"","ping_status":"open","sticky":false,"template":"","format":"standard","meta":{"_jetpack_memberships_contains_paid_content":false,"footnotes":""},"categories":[1],"tags":[],"class_list":["post-954","post","type-post","status-publish","format-standard","hentry","category-nezarazene"],"jetpack_featured_media_url":"","jetpack_sharing_enabled":true,"_links":{"self":[{"href":"https:\/\/blogy.chlebiq.eu\/vlakem\/wp-json\/wp\/v2\/posts\/954","targetHints":{"allow":["GET"]}}],"collection":[{"href":"https:\/\/blogy.chlebiq.eu\/vlakem\/wp-json\/wp\/v2\/posts"}],"about":[{"href":"https:\/\/blogy.chlebiq.eu\/vlakem\/wp-json\/wp\/v2\/types\/post"}],"author":[{"embeddable":true,"href":"https:\/\/blogy.chlebiq.eu\/vlakem\/wp-json\/wp\/v2\/users\/1"}],"replies":[{"embeddable":true,"href":"https:\/\/blogy.chlebiq.eu\/vlakem\/wp-json\/wp\/v2\/comments?post=954"}],"version-history":[{"count":0,"href":"https:\/\/blogy.chlebiq.eu\/vlakem\/wp-json\/wp\/v2\/posts\/954\/revisions"}],"wp:attachment":[{"href":"https:\/\/blogy.chlebiq.eu\/vlakem\/wp-json\/wp\/v2\/media?parent=954"}],"wp:term":[{"taxonomy":"category","embeddable":true,"href":"https:\/\/blogy.chlebiq.eu\/vlakem\/wp-json\/wp\/v2\/categories?post=954"},{"taxonomy":"post_tag","embeddable":true,"href":"https:\/\/blogy.chlebiq.eu\/vlakem\/wp-json\/wp\/v2\/tags?post=954"}],"curies":[{"name":"wp","href":"https:\/\/api.w.org\/{rel}","templated":true}]}}