{"id":89,"date":"2022-08-23T22:33:39","date_gmt":"2022-08-23T20:33:39","guid":{"rendered":"https:\/\/vlakem.chlebiq.eu\/?p=89"},"modified":"2022-08-23T22:33:40","modified_gmt":"2022-08-23T20:33:40","slug":"koronavirus","status":"publish","type":"post","link":"https:\/\/blogy.chlebiq.eu\/vlakem\/koronavirus\/","title":{"rendered":"Koronavirus"},"content":{"rendered":"\n<p>J\u00e1 si k smrti nerad d\u011bl\u00e1m self\u00ed\u010dka a je\u0161t\u011b m\u00ed\u0148 sn\u00e1\u0161\u00edm zve\u0159ej\u0148ov\u00e1n\u00ed m\u00fdch fotek na internetu, ale tohle se d\u00e1 pochopit. V \u0158ezn\u011b p\u0159ev\u00e1\u017eili lidi s n\u00e1hubky na brad\u011b, a tak jsem zji\u0161\u0165oval, jak to maj\u00ed v N\u011bmecku s rou\u0161kami a respir\u00e1tory. V N\u011bmecku nijak, ale Bavorsku jsou evidentn\u011b opatrn\u00ed a ve vnit\u0159n\u00edch prostor\u00e1ch jsou povinn\u00e9. Jenom jim tady d\u00fdch\u00e1m bez nadr\u017eky u\u017e z Plzn\u011b, tak\u017ee je tu d\u016fkladn\u011b zamo\u0159eno, pokud jsem pozitivn\u00ed. A jak tak na to kouk\u00e1m, v N\u011bmecku si respir\u00e1tor nesund\u00e1m, proto\u017ee v B\u00e1densku-W\u00fcrttembersku jsou povinn\u00e9 taky. Ale pro\u010d v \u010desk\u00e9m vlaku n\u011bco ne\u0159eknou, je mi velkou z\u00e1hadou.<\/p>\n\n\n\n<figure class=\"wp-block-image size-large\"><img decoding=\"async\" src=\"https:\/\/vlakem.chlebiq.eu\/fotky\/004_regensburg.jpg\" alt=\"\"\/><\/figure>\n","protected":false},"excerpt":{"rendered":"<p>J\u00e1 si k smrti nerad d\u011bl\u00e1m self\u00ed\u010dka a je\u0161t\u011b m\u00ed\u0148 sn\u00e1\u0161\u00edm zve\u0159ej\u0148ov\u00e1n\u00ed m\u00fdch fotek na internetu, ale tohle se d\u00e1 pochopit. V \u0158ezn\u011b p\u0159ev\u00e1\u017eili lidi s n\u00e1hubky na brad\u011b, a tak jsem zji\u0161\u0165oval, jak to maj\u00ed v N\u011bmecku s rou\u0161kami a respir\u00e1tory. V N\u011bmecku nijak, ale Bavorsku jsou evidentn\u011b opatrn\u00ed a ve vnit\u0159n\u00edch prostor\u00e1ch jsou &#8230; <a title=\"Koronavirus\" class=\"read-more\" href=\"https:\/\/blogy.chlebiq.eu\/vlakem\/koronavirus\/\">Read more<span class=\"screen-reader-text\">Koronavirus<\/span><\/a><\/p>\n","protected":false},"author":1,"featured_media":0,"comment_status":"closed","ping_status":"open","sticky":false,"template":"","format":"standard","meta":{"_jetpack_memberships_contains_paid_content":false,"footnotes":""},"categories":[1],"tags":[],"class_list":["post-89","post","type-post","status-publish","format-standard","hentry","category-nezarazene"],"jetpack_featured_media_url":"","jetpack_sharing_enabled":true,"_links":{"self":[{"href":"https:\/\/blogy.chlebiq.eu\/vlakem\/wp-json\/wp\/v2\/posts\/89","targetHints":{"allow":["GET"]}}],"collection":[{"href":"https:\/\/blogy.chlebiq.eu\/vlakem\/wp-json\/wp\/v2\/posts"}],"about":[{"href":"https:\/\/blogy.chlebiq.eu\/vlakem\/wp-json\/wp\/v2\/types\/post"}],"author":[{"embeddable":true,"href":"https:\/\/blogy.chlebiq.eu\/vlakem\/wp-json\/wp\/v2\/users\/1"}],"replies":[{"embeddable":true,"href":"https:\/\/blogy.chlebiq.eu\/vlakem\/wp-json\/wp\/v2\/comments?post=89"}],"version-history":[{"count":1,"href":"https:\/\/blogy.chlebiq.eu\/vlakem\/wp-json\/wp\/v2\/posts\/89\/revisions"}],"predecessor-version":[{"id":90,"href":"https:\/\/blogy.chlebiq.eu\/vlakem\/wp-json\/wp\/v2\/posts\/89\/revisions\/90"}],"wp:attachment":[{"href":"https:\/\/blogy.chlebiq.eu\/vlakem\/wp-json\/wp\/v2\/media?parent=89"}],"wp:term":[{"taxonomy":"category","embeddable":true,"href":"https:\/\/blogy.chlebiq.eu\/vlakem\/wp-json\/wp\/v2\/categories?post=89"},{"taxonomy":"post_tag","embeddable":true,"href":"https:\/\/blogy.chlebiq.eu\/vlakem\/wp-json\/wp\/v2\/tags?post=89"}],"curies":[{"name":"wp","href":"https:\/\/api.w.org\/{rel}","templated":true}]}}