{"id":819,"date":"2022-09-23T02:19:10","date_gmt":"2022-09-23T00:19:10","guid":{"rendered":"https:\/\/vlakem.chlebiq.eu\/?p=819"},"modified":"2022-09-23T04:29:40","modified_gmt":"2022-09-23T02:29:40","slug":"budapest-keleti","status":"publish","type":"post","link":"https:\/\/blogy.chlebiq.eu\/vlakem\/budapest-keleti\/","title":{"rendered":"Budape\u0161\u0165 Keleti"},"content":{"rendered":"\n<p>V\u00fdchodn\u00ed n\u00e1dra\u017e\u00ed v Budape\u0161ti je pr\u00fd nejv\u011bt\u0161\u00ed vlakov\u00e1 stanice m\u011bsta na Dunaji a jezd\u00ed sem a odtud mezin\u00e1rodn\u00ed vlaky. Oboj\u00ed d\u00e1valo nad\u011bji, \u017ee by mohlo m\u00edt otev\u0159eno bu\u010f celou noc, nebo aspo\u0148 dlouho. Jen\u017ee pohled na otev\u00edrac\u00ed dobu haly jak\u00e9koli \u0161ance na p\u0159e\u010dk\u00e1n\u00ed noci zbo\u0159il: od 0.50 do 4.30 je zav\u0159en\u00e1. Halou nav\u00edc profukuje a pobyt v n\u00ed by zase tak pohodln\u00fd nebyl. Pokus str\u00e1vit \u010dtvrthodinu zb\u00fdvaj\u00edc\u00ed do zav\u0159en\u00ed v \u010dek\u00e1rn\u011b jsem vzdal hned po otev\u0159en\u00ed dve\u0159\u00ed. \u010cty\u0159i bezdomovce bych je\u0161t\u011b zvl\u00e1dl, ale na p\u016fl \u017eerdi sta\u017een\u00e1 sukn\u011b jejich stoj\u00edc\u00ed kolegyn\u011b, pod n\u00ed\u017e se r\u00fdsovaly jej\u00ed \u0161m\u00e1trav\u00e9 ruce, u\u017e mi p\u0159i\u0161lo p\u0159\u00edli\u0161. Zapnul jsem tallinskou mikinu a\u017e ke krku, obl\u00e9kl bundu a nasadil kapuci a vydal se prozkoum\u00e1vat no\u010dn\u00ed m\u011bsto. <\/p>\n\n\n\n<figure class=\"wp-block-image size-large\"><img decoding=\"async\" src=\"https:\/\/vlakem.chlebiq.eu\/fotky\/725_budapest.jpg\" alt=\"\"\/><\/figure>\n","protected":false},"excerpt":{"rendered":"<p>V\u00fdchodn\u00ed n\u00e1dra\u017e\u00ed v Budape\u0161ti je pr\u00fd nejv\u011bt\u0161\u00ed vlakov\u00e1 stanice m\u011bsta na Dunaji a jezd\u00ed sem a odtud mezin\u00e1rodn\u00ed vlaky. Oboj\u00ed d\u00e1valo nad\u011bji, \u017ee by mohlo m\u00edt otev\u0159eno bu\u010f celou noc, nebo aspo\u0148 dlouho. Jen\u017ee pohled na otev\u00edrac\u00ed dobu haly jak\u00e9koli \u0161ance na p\u0159e\u010dk\u00e1n\u00ed noci zbo\u0159il: od 0.50 do 4.30 je zav\u0159en\u00e1. Halou nav\u00edc profukuje a &#8230; <a title=\"Budape\u0161\u0165 Keleti\" class=\"read-more\" href=\"https:\/\/blogy.chlebiq.eu\/vlakem\/budapest-keleti\/\">Read more<span class=\"screen-reader-text\">Budape\u0161\u0165 Keleti<\/span><\/a><\/p>\n","protected":false},"author":1,"featured_media":0,"comment_status":"closed","ping_status":"open","sticky":false,"template":"","format":"standard","meta":{"_jetpack_memberships_contains_paid_content":false,"footnotes":""},"categories":[1],"tags":[],"class_list":["post-819","post","type-post","status-publish","format-standard","hentry","category-nezarazene"],"jetpack_featured_media_url":"","jetpack_sharing_enabled":true,"_links":{"self":[{"href":"https:\/\/blogy.chlebiq.eu\/vlakem\/wp-json\/wp\/v2\/posts\/819","targetHints":{"allow":["GET"]}}],"collection":[{"href":"https:\/\/blogy.chlebiq.eu\/vlakem\/wp-json\/wp\/v2\/posts"}],"about":[{"href":"https:\/\/blogy.chlebiq.eu\/vlakem\/wp-json\/wp\/v2\/types\/post"}],"author":[{"embeddable":true,"href":"https:\/\/blogy.chlebiq.eu\/vlakem\/wp-json\/wp\/v2\/users\/1"}],"replies":[{"embeddable":true,"href":"https:\/\/blogy.chlebiq.eu\/vlakem\/wp-json\/wp\/v2\/comments?post=819"}],"version-history":[{"count":3,"href":"https:\/\/blogy.chlebiq.eu\/vlakem\/wp-json\/wp\/v2\/posts\/819\/revisions"}],"predecessor-version":[{"id":823,"href":"https:\/\/blogy.chlebiq.eu\/vlakem\/wp-json\/wp\/v2\/posts\/819\/revisions\/823"}],"wp:attachment":[{"href":"https:\/\/blogy.chlebiq.eu\/vlakem\/wp-json\/wp\/v2\/media?parent=819"}],"wp:term":[{"taxonomy":"category","embeddable":true,"href":"https:\/\/blogy.chlebiq.eu\/vlakem\/wp-json\/wp\/v2\/categories?post=819"},{"taxonomy":"post_tag","embeddable":true,"href":"https:\/\/blogy.chlebiq.eu\/vlakem\/wp-json\/wp\/v2\/tags?post=819"}],"curies":[{"name":"wp","href":"https:\/\/api.w.org\/{rel}","templated":true}]}}