{"id":796,"date":"2022-09-22T17:09:08","date_gmt":"2022-09-22T15:09:08","guid":{"rendered":"https:\/\/vlakem.chlebiq.eu\/?p=796"},"modified":"2022-09-22T17:09:09","modified_gmt":"2022-09-22T15:09:09","slug":"predzvest-balkanu","status":"publish","type":"post","link":"https:\/\/blogy.chlebiq.eu\/vlakem\/predzvest-balkanu\/","title":{"rendered":"P\u0159edzv\u011bst Balk\u00e1nu"},"content":{"rendered":"\n<p>Trampota s p\u0159ejezdem do Bukure\u0161ti m\u011b kupodivu z m\u00edry nevyvedla tak, jak by mo\u017en\u00e1 m\u011bla, po hladk\u00e9m dopoledn\u00edm cestov\u00e1n\u00ed bylo beztak jen ot\u00e1zkou \u010dasu, kdy se n\u011bco vyvrb\u00ed. Nadto jsem se mohl hned zatepla sv\u011b\u0159it jednomu man\u017eelsk\u00e9mu p\u00e1ru z \u010ceska, kter\u00fd m\u011b oslovil p\u0159ed v\u00edde\u0148sk\u00fdm hlav\u00e1kem. P\u00e1n za\u010dal n\u011bmecky, j\u00e1 jsem se nejd\u0159\u00edv sna\u017eil p\u0159ecvaknout na n\u011bm\u010dinu, ale pak jsem spustil anglicky a chv\u00edli na n\u011bj mluvil, a kdy\u017e se zeptal, odkud jsem, mohli jsme si popov\u00eddat l\u00edp a tak n\u011bjak up\u0159\u00edmn\u011bji. Mo\u017en\u00e1 tu sedmihodinovou pauzu (co\u017e tedy zn\u00ed obludn\u011b, ale u\u017e jsem leccos za\u017eil) v Budape\u0161ti vyu\u017eiju k tomu, abych se trochu p\u0159ipravil na Rumunsko &#8211; holt se vyd\u00e1v\u00e1m na Balk\u00e1n. Hor\u0161\u00ed je, \u017ee v Bukure\u0161ti budu a\u017e p\u0159ed des\u00e1tou, tak\u017ee tomu mus\u00edm p\u0159izp\u016fsobit v\u00fdb\u011br ubytov\u00e1n\u00ed, abych se mohl dostavit do p\u016flnoci. Dva vlaky nicm\u00e9n\u011b eliminuj\u00ed riziko, \u017ee se nedostanu k z\u00e1suvce, telefon u\u017e si \u0159\u00edk\u00e1 o pap\u00e1n\u00ed a powerbanky nevydr\u017e\u00ed po\u0159\u00e1d.<\/p>\n\n\n\n<p>Hlavn\u00ed n\u00e1dra\u017e\u00ed ve V\u00eddni je impozantn\u00ed, ov\u0161em jen svou velikost\u00ed, jinak je to tady bludi\u0161t\u011b a moc m\u00edst k sezen\u00ed jsem tu zat\u00edm nevid\u011bl. Kdo v\u00ed, kde bych p\u0159e\u010dkal noc, kdyby m\u011b to postihlo tady. Nakonec jsem na\u0161el p\u00e1r lavi\u010dek, a dokonce se stolky. M\u00edsto na\u0161t\u011bst\u00ed bylo, a vz\u00e1p\u011bt\u00ed mi do\u0161lo pro\u010d &#8211; ten st\u016fl, u kter\u00e9ho sed\u00edm, vypad\u00e1 velmi nev\u00e1bn\u011b. Prost\u011b navrch huj, uvnit\u0159 tak trochu fuj.<\/p>\n","protected":false},"excerpt":{"rendered":"<p>Trampota s p\u0159ejezdem do Bukure\u0161ti m\u011b kupodivu z m\u00edry nevyvedla tak, jak by mo\u017en\u00e1 m\u011bla, po hladk\u00e9m dopoledn\u00edm cestov\u00e1n\u00ed bylo beztak jen ot\u00e1zkou \u010dasu, kdy se n\u011bco vyvrb\u00ed. Nadto jsem se mohl hned zatepla sv\u011b\u0159it jednomu man\u017eelsk\u00e9mu p\u00e1ru z \u010ceska, kter\u00fd m\u011b oslovil p\u0159ed v\u00edde\u0148sk\u00fdm hlav\u00e1kem. P\u00e1n za\u010dal n\u011bmecky, j\u00e1 jsem se nejd\u0159\u00edv sna\u017eil p\u0159ecvaknout &#8230; <a title=\"P\u0159edzv\u011bst Balk\u00e1nu\" class=\"read-more\" href=\"https:\/\/blogy.chlebiq.eu\/vlakem\/predzvest-balkanu\/\">Read more<span class=\"screen-reader-text\">P\u0159edzv\u011bst Balk\u00e1nu<\/span><\/a><\/p>\n","protected":false},"author":1,"featured_media":0,"comment_status":"closed","ping_status":"open","sticky":false,"template":"","format":"standard","meta":{"_jetpack_memberships_contains_paid_content":false,"footnotes":""},"categories":[1],"tags":[],"class_list":["post-796","post","type-post","status-publish","format-standard","hentry","category-nezarazene"],"jetpack_featured_media_url":"","jetpack_sharing_enabled":true,"_links":{"self":[{"href":"https:\/\/blogy.chlebiq.eu\/vlakem\/wp-json\/wp\/v2\/posts\/796","targetHints":{"allow":["GET"]}}],"collection":[{"href":"https:\/\/blogy.chlebiq.eu\/vlakem\/wp-json\/wp\/v2\/posts"}],"about":[{"href":"https:\/\/blogy.chlebiq.eu\/vlakem\/wp-json\/wp\/v2\/types\/post"}],"author":[{"embeddable":true,"href":"https:\/\/blogy.chlebiq.eu\/vlakem\/wp-json\/wp\/v2\/users\/1"}],"replies":[{"embeddable":true,"href":"https:\/\/blogy.chlebiq.eu\/vlakem\/wp-json\/wp\/v2\/comments?post=796"}],"version-history":[{"count":1,"href":"https:\/\/blogy.chlebiq.eu\/vlakem\/wp-json\/wp\/v2\/posts\/796\/revisions"}],"predecessor-version":[{"id":797,"href":"https:\/\/blogy.chlebiq.eu\/vlakem\/wp-json\/wp\/v2\/posts\/796\/revisions\/797"}],"wp:attachment":[{"href":"https:\/\/blogy.chlebiq.eu\/vlakem\/wp-json\/wp\/v2\/media?parent=796"}],"wp:term":[{"taxonomy":"category","embeddable":true,"href":"https:\/\/blogy.chlebiq.eu\/vlakem\/wp-json\/wp\/v2\/categories?post=796"},{"taxonomy":"post_tag","embeddable":true,"href":"https:\/\/blogy.chlebiq.eu\/vlakem\/wp-json\/wp\/v2\/tags?post=796"}],"curies":[{"name":"wp","href":"https:\/\/api.w.org\/{rel}","templated":true}]}}