{"id":745,"date":"2022-09-11T13:53:34","date_gmt":"2022-09-11T11:53:34","guid":{"rendered":"https:\/\/vlakem.chlebiq.eu\/cerny-pasazer\/"},"modified":"2022-09-11T14:05:00","modified_gmt":"2022-09-11T12:05:00","slug":"cerny-pasazer","status":"publish","type":"post","link":"https:\/\/blogy.chlebiq.eu\/vlakem\/cerny-pasazer\/","title":{"rendered":"\u010cern\u00fd pasa\u017e\u00e9r"},"content":{"rendered":"\n<p>Tak nakonec ze m\u011b ten \u010dern\u00fd pasa\u017e\u00e9r mo\u017en\u00e1 p\u0159ece jenom bude. Ve 13.10 odj\u00ed\u017ed\u011bl z Dr\u00e1\u017e\u010fan rychl\u00edk Berl\u00edner (jede a\u017e s Kielu). M\u011bl jsem je\u0161t\u011b \u010das, a tak jsem zkou\u0161el v automatu koupit j\u00edzdenku mezi Bad Schandau a D\u011b\u010d\u00ednem nebo aspo\u0148 zjistit, jak se d\u00e1 cestovat mezi Sch\u00f6nou a Doln\u00edm \u017dlebem. Jen\u017ee takovou j\u00edzdenku automat nenab\u00edzel a taky v aplikaci \u010cesk\u00fdch drah chyb\u00ed u v\u011bt\u0161iny spoj\u016f p\u0159es hranice mo\u017enost koupit to p\u0159es internet. Mo\u017en\u00e9 to bylo mezi Bad Schandau a \u00dast\u00edm a tam byla cena asi 750 K\u010d. Pokud to tak je, je to pochopiteln\u011b masakr. \u0158\u00edkal jsem si, \u017ee v tom vlaku na Prahu odchyt\u00edm pr\u016fvod\u010d\u00edho a zept\u00e1m se, ne\u017e dojedeme do Bad Schandau, abych kdy\u017e tak stihl vystoupit a abych to v\u011bd\u011bl pro p\u0159\u00ed\u0161t\u011b. Pr\u016fvod\u010d\u00ed tam byli dva, \u017eensk\u00e1 a chlap, ale oba N\u011bmci &#8211; chlap to vzdal hned, \u017eensk\u00e1 se sna\u017eila, ale mluvila tentokr\u00e1t anglicky je\u0161t\u011b h\u016f\u0159 ne\u017e j\u00e1. \u0158ekla mi, \u017ee \u010desk\u00fd person\u00e1l to od nich p\u0159evezme v D\u011b\u010d\u00edn\u011b a \u017ee si u n\u011bj m\u00e1m tu j\u00edzdenku dokoupit \u010di co. Nakonec jsem j\u00ed navrhl, \u017ee si koup\u00edm j\u00edzdenku z D\u011b\u010d\u00edna do Prahy, jestli to bude v po\u0159\u00e1dku. Asi ode m\u011b cht\u011bla m\u00edt pokoj, tak \u0159ekla, \u017ee bude. P\u0159ij\u00ed\u017ed\u00edme do D\u011b\u010d\u00edna, tak \u010dek\u00e1m, co se bude d\u00edt, s nad\u011bj\u00ed, \u017ee kdy\u017e u\u017e nic jin\u00e9ho, aspo\u0148 budu doma o dost d\u0159\u00edv. <\/p>\n","protected":false},"excerpt":{"rendered":"<p>Tak nakonec ze m\u011b ten \u010dern\u00fd pasa\u017e\u00e9r mo\u017en\u00e1 p\u0159ece jenom bude. Ve 13.10 odj\u00ed\u017ed\u011bl z Dr\u00e1\u017e\u010fan rychl\u00edk Berl\u00edner (jede a\u017e s Kielu). M\u011bl jsem je\u0161t\u011b \u010das, a tak jsem zkou\u0161el v automatu koupit j\u00edzdenku mezi Bad Schandau a D\u011b\u010d\u00ednem nebo aspo\u0148 zjistit, jak se d\u00e1 cestovat mezi Sch\u00f6nou a Doln\u00edm \u017dlebem. Jen\u017ee takovou j\u00edzdenku automat &#8230; <a title=\"\u010cern\u00fd pasa\u017e\u00e9r\" class=\"read-more\" href=\"https:\/\/blogy.chlebiq.eu\/vlakem\/cerny-pasazer\/\">Read more<span class=\"screen-reader-text\">\u010cern\u00fd pasa\u017e\u00e9r<\/span><\/a><\/p>\n","protected":false},"author":1,"featured_media":0,"comment_status":"closed","ping_status":"open","sticky":false,"template":"","format":"standard","meta":{"_jetpack_memberships_contains_paid_content":false,"footnotes":""},"categories":[1],"tags":[],"class_list":["post-745","post","type-post","status-publish","format-standard","hentry","category-nezarazene"],"jetpack_featured_media_url":"","jetpack_sharing_enabled":true,"_links":{"self":[{"href":"https:\/\/blogy.chlebiq.eu\/vlakem\/wp-json\/wp\/v2\/posts\/745","targetHints":{"allow":["GET"]}}],"collection":[{"href":"https:\/\/blogy.chlebiq.eu\/vlakem\/wp-json\/wp\/v2\/posts"}],"about":[{"href":"https:\/\/blogy.chlebiq.eu\/vlakem\/wp-json\/wp\/v2\/types\/post"}],"author":[{"embeddable":true,"href":"https:\/\/blogy.chlebiq.eu\/vlakem\/wp-json\/wp\/v2\/users\/1"}],"replies":[{"embeddable":true,"href":"https:\/\/blogy.chlebiq.eu\/vlakem\/wp-json\/wp\/v2\/comments?post=745"}],"version-history":[{"count":5,"href":"https:\/\/blogy.chlebiq.eu\/vlakem\/wp-json\/wp\/v2\/posts\/745\/revisions"}],"predecessor-version":[{"id":750,"href":"https:\/\/blogy.chlebiq.eu\/vlakem\/wp-json\/wp\/v2\/posts\/745\/revisions\/750"}],"wp:attachment":[{"href":"https:\/\/blogy.chlebiq.eu\/vlakem\/wp-json\/wp\/v2\/media?parent=745"}],"wp:term":[{"taxonomy":"category","embeddable":true,"href":"https:\/\/blogy.chlebiq.eu\/vlakem\/wp-json\/wp\/v2\/categories?post=745"},{"taxonomy":"post_tag","embeddable":true,"href":"https:\/\/blogy.chlebiq.eu\/vlakem\/wp-json\/wp\/v2\/tags?post=745"}],"curies":[{"name":"wp","href":"https:\/\/api.w.org\/{rel}","templated":true}]}}