{"id":70,"date":"2022-08-23T18:09:20","date_gmt":"2022-08-23T16:09:20","guid":{"rendered":"https:\/\/vlakem.chlebiq.eu\/?p=70"},"modified":"2022-08-23T18:21:23","modified_gmt":"2022-08-23T16:21:23","slug":"na-zapad","status":"publish","type":"post","link":"https:\/\/blogy.chlebiq.eu\/vlakem\/na-zapad\/","title":{"rendered":"Na Z\u00e1pad!"},"content":{"rendered":"\n<p>Procestoval jsem p\u016fl Evropy, pravda, a\u017e na cesty po \u010cesku a n\u011bkolik v\u00fdlet\u016f po \u0160pan\u011blsku jsem nikdy po\u0159\u00e1dn\u011b nejezdil vlakem, asi t\u0159icetkr\u00e1t jsem let\u011bl letadlem a za\u017eil jsem pom\u011brn\u011b dost dobrodru\u017en\u00fdch putov\u00e1n\u00ed, ale nikdy jsem nebyl nerv\u00f3zn\u00ed tak jako dnes. Sed\u00edm ve vlaku z Berouna a na dob\u0159e zn\u00e1m\u00e9m n\u00e1dra\u017e\u00ed se mi poda\u0159ilo aktivovat j\u00edzdenku. Sna\u017e\u00edm se dostat alespo\u0148 za hranice, proto\u017ee pak u\u017e snad kone\u010dn\u011b bude Interrail fungovat bez jak\u00fdchkoli pochybnost\u00ed. Snad. Dokud se nepotk\u00e1m s prvn\u00ed(m) pr\u016fvod\u010d\u00ed(m). Odjezd z Berouna se pochopiteln\u011b neobe\u0161el bez zpo\u017ed\u011bn\u00ed, ale t\u011bch 5 minut se protentokr\u00e1t snad d\u00e1 p(r)ominout. A rychl\u00edk na Klatovy zastavuje \u00fapln\u011b v\u0161ude. Te\u010f je\u0161t\u011b nezaspat a vystoupit v Plzni!<\/p>\n\n\n\n<figure class=\"wp-block-image size-large\"><img decoding=\"async\" src=\"https:\/\/vlakem.chlebiq.eu\/fotky\/001_beroun.jpg\" alt=\"\"\/><\/figure>\n","protected":false},"excerpt":{"rendered":"<p>Procestoval jsem p\u016fl Evropy, pravda, a\u017e na cesty po \u010cesku a n\u011bkolik v\u00fdlet\u016f po \u0160pan\u011blsku jsem nikdy po\u0159\u00e1dn\u011b nejezdil vlakem, asi t\u0159icetkr\u00e1t jsem let\u011bl letadlem a za\u017eil jsem pom\u011brn\u011b dost dobrodru\u017en\u00fdch putov\u00e1n\u00ed, ale nikdy jsem nebyl nerv\u00f3zn\u00ed tak jako dnes. Sed\u00edm ve vlaku z Berouna a na dob\u0159e zn\u00e1m\u00e9m n\u00e1dra\u017e\u00ed se mi poda\u0159ilo aktivovat j\u00edzdenku. &#8230; <a title=\"Na Z\u00e1pad!\" class=\"read-more\" href=\"https:\/\/blogy.chlebiq.eu\/vlakem\/na-zapad\/\">Read more<span class=\"screen-reader-text\">Na Z\u00e1pad!<\/span><\/a><\/p>\n","protected":false},"author":1,"featured_media":0,"comment_status":"closed","ping_status":"open","sticky":false,"template":"","format":"standard","meta":{"_jetpack_memberships_contains_paid_content":false,"footnotes":""},"categories":[1],"tags":[],"class_list":["post-70","post","type-post","status-publish","format-standard","hentry","category-nezarazene"],"jetpack_featured_media_url":"","jetpack_sharing_enabled":true,"_links":{"self":[{"href":"https:\/\/blogy.chlebiq.eu\/vlakem\/wp-json\/wp\/v2\/posts\/70","targetHints":{"allow":["GET"]}}],"collection":[{"href":"https:\/\/blogy.chlebiq.eu\/vlakem\/wp-json\/wp\/v2\/posts"}],"about":[{"href":"https:\/\/blogy.chlebiq.eu\/vlakem\/wp-json\/wp\/v2\/types\/post"}],"author":[{"embeddable":true,"href":"https:\/\/blogy.chlebiq.eu\/vlakem\/wp-json\/wp\/v2\/users\/1"}],"replies":[{"embeddable":true,"href":"https:\/\/blogy.chlebiq.eu\/vlakem\/wp-json\/wp\/v2\/comments?post=70"}],"version-history":[{"count":3,"href":"https:\/\/blogy.chlebiq.eu\/vlakem\/wp-json\/wp\/v2\/posts\/70\/revisions"}],"predecessor-version":[{"id":73,"href":"https:\/\/blogy.chlebiq.eu\/vlakem\/wp-json\/wp\/v2\/posts\/70\/revisions\/73"}],"wp:attachment":[{"href":"https:\/\/blogy.chlebiq.eu\/vlakem\/wp-json\/wp\/v2\/media?parent=70"}],"wp:term":[{"taxonomy":"category","embeddable":true,"href":"https:\/\/blogy.chlebiq.eu\/vlakem\/wp-json\/wp\/v2\/categories?post=70"},{"taxonomy":"post_tag","embeddable":true,"href":"https:\/\/blogy.chlebiq.eu\/vlakem\/wp-json\/wp\/v2\/tags?post=70"}],"curies":[{"name":"wp","href":"https:\/\/api.w.org\/{rel}","templated":true}]}}