{"id":633,"date":"2022-09-08T21:46:02","date_gmt":"2022-09-08T19:46:02","guid":{"rendered":"https:\/\/vlakem.chlebiq.eu\/shrnuti-14-dne\/"},"modified":"2022-09-08T21:46:02","modified_gmt":"2022-09-08T19:46:02","slug":"shrnuti-14-dne","status":"publish","type":"post","link":"https:\/\/blogy.chlebiq.eu\/vlakem\/shrnuti-14-dne\/","title":{"rendered":"Shrnut\u00ed 14. dne"},"content":{"rendered":"\n<p>Severn\u00ed etapa trv\u00e1 necel\u00fd t\u00fdden, ale mn\u011b to p\u0159ipad\u00e1, jako bych byl na cest\u011b m\u011bs\u00edc, tak moc je to intenzivn\u00ed. A intenzivn\u00ed je i z\u00e1\u017eitek z Tallinu. Z\u016fstal jsem tam cel\u00fd den, tak\u017ee a\u0165 na ve\u010dern\u00ed odjezd Flixbusem jsem \u017e\u00e1dn\u00e9ho p\u0159epravce nepoctil svou p\u0159\u00edtomnost\u00ed. Nevad\u00ed, v\u0161ak na n\u011b je\u0161t\u011b dojde. A na co t\u011b\u0161it se maj\u00ed hlavn\u011b \u017eelezni\u010d\u00e1\u0159i. Po Tallinu jsem nachodil 26 252 krok\u016f. Hezky mi to \u0161lape! <\/p>\n","protected":false},"excerpt":{"rendered":"<p>Severn\u00ed etapa trv\u00e1 necel\u00fd t\u00fdden, ale mn\u011b to p\u0159ipad\u00e1, jako bych byl na cest\u011b m\u011bs\u00edc, tak moc je to intenzivn\u00ed. A intenzivn\u00ed je i z\u00e1\u017eitek z Tallinu. Z\u016fstal jsem tam cel\u00fd den, tak\u017ee a\u0165 na ve\u010dern\u00ed odjezd Flixbusem jsem \u017e\u00e1dn\u00e9ho p\u0159epravce nepoctil svou p\u0159\u00edtomnost\u00ed. Nevad\u00ed, v\u0161ak na n\u011b je\u0161t\u011b dojde. A na co t\u011b\u0161it se &#8230; <a title=\"Shrnut\u00ed 14. dne\" class=\"read-more\" href=\"https:\/\/blogy.chlebiq.eu\/vlakem\/shrnuti-14-dne\/\">Read more<span class=\"screen-reader-text\">Shrnut\u00ed 14. dne<\/span><\/a><\/p>\n","protected":false},"author":1,"featured_media":0,"comment_status":"","ping_status":"open","sticky":false,"template":"","format":"standard","meta":{"_jetpack_memberships_contains_paid_content":false,"footnotes":""},"categories":[1],"tags":[],"class_list":["post-633","post","type-post","status-publish","format-standard","hentry","category-nezarazene"],"jetpack_featured_media_url":"","jetpack_sharing_enabled":true,"_links":{"self":[{"href":"https:\/\/blogy.chlebiq.eu\/vlakem\/wp-json\/wp\/v2\/posts\/633","targetHints":{"allow":["GET"]}}],"collection":[{"href":"https:\/\/blogy.chlebiq.eu\/vlakem\/wp-json\/wp\/v2\/posts"}],"about":[{"href":"https:\/\/blogy.chlebiq.eu\/vlakem\/wp-json\/wp\/v2\/types\/post"}],"author":[{"embeddable":true,"href":"https:\/\/blogy.chlebiq.eu\/vlakem\/wp-json\/wp\/v2\/users\/1"}],"replies":[{"embeddable":true,"href":"https:\/\/blogy.chlebiq.eu\/vlakem\/wp-json\/wp\/v2\/comments?post=633"}],"version-history":[{"count":0,"href":"https:\/\/blogy.chlebiq.eu\/vlakem\/wp-json\/wp\/v2\/posts\/633\/revisions"}],"wp:attachment":[{"href":"https:\/\/blogy.chlebiq.eu\/vlakem\/wp-json\/wp\/v2\/media?parent=633"}],"wp:term":[{"taxonomy":"category","embeddable":true,"href":"https:\/\/blogy.chlebiq.eu\/vlakem\/wp-json\/wp\/v2\/categories?post=633"},{"taxonomy":"post_tag","embeddable":true,"href":"https:\/\/blogy.chlebiq.eu\/vlakem\/wp-json\/wp\/v2\/tags?post=633"}],"curies":[{"name":"wp","href":"https:\/\/api.w.org\/{rel}","templated":true}]}}