{"id":630,"date":"2022-09-08T21:27:34","date_gmt":"2022-09-08T19:27:34","guid":{"rendered":"https:\/\/vlakem.chlebiq.eu\/do-rigy\/"},"modified":"2022-09-08T21:36:22","modified_gmt":"2022-09-08T19:36:22","slug":"do-rigy","status":"publish","type":"post","link":"https:\/\/blogy.chlebiq.eu\/vlakem\/do-rigy\/","title":{"rendered":"Do Rigy"},"content":{"rendered":"\n<p>Stejn\u011b by m\u011b zaj\u00edmalo, kam se v\u0161ichni ti mravenci, jejich\u017e hem\u017een\u00ed na autobusov\u00e9 n\u00e1dra\u017e\u00ed neust\u00e1v\u00e1, po\u0159\u00e1d p\u0159esouvaj\u00ed. I kdy\u017e pro autobus, vedeme kter\u00e9m sed\u00edm j\u00e1, to neplat\u00ed docela. V\u010detn\u011b \u0159idi\u010de je n\u00e1s tady p\u0159esn\u011b tucet a m\u016fj c\u00edl je jasn\u00fd: r\u00e1no se trochu vyspal\u00fd probudit v Rize. M\u00e1m p\u0159ed sebou asi 270 km j\u00edzdy a p\u0159es 4 hodiny odpo\u010dinku v teple. Osud tomu cht\u011bl, \u017ee linka kon\u010d\u00ed a\u017e ve Vilniusu, tak snad nebudu vyspal\u00fd a odpo\u010dat\u00fd jinde a a\u017e moc. <\/p>\n\n\n\n<figure class=\"wp-block-image size-large\"><img decoding=\"async\" src=\"https:\/\/vlakem.chlebiq.eu\/fotky\/tallin_autobusak.jpg\" alt=\"\"\/><\/figure>\n","protected":false},"excerpt":{"rendered":"<p>Stejn\u011b by m\u011b zaj\u00edmalo, kam se v\u0161ichni ti mravenci, jejich\u017e hem\u017een\u00ed na autobusov\u00e9 n\u00e1dra\u017e\u00ed neust\u00e1v\u00e1, po\u0159\u00e1d p\u0159esouvaj\u00ed. I kdy\u017e pro autobus, vedeme kter\u00e9m sed\u00edm j\u00e1, to neplat\u00ed docela. V\u010detn\u011b \u0159idi\u010de je n\u00e1s tady p\u0159esn\u011b tucet a m\u016fj c\u00edl je jasn\u00fd: r\u00e1no se trochu vyspal\u00fd probudit v Rize. M\u00e1m p\u0159ed sebou asi 270 km j\u00edzdy a &#8230; <a title=\"Do Rigy\" class=\"read-more\" href=\"https:\/\/blogy.chlebiq.eu\/vlakem\/do-rigy\/\">Read more<span class=\"screen-reader-text\">Do Rigy<\/span><\/a><\/p>\n","protected":false},"author":1,"featured_media":0,"comment_status":"closed","ping_status":"open","sticky":false,"template":"","format":"standard","meta":{"_jetpack_memberships_contains_paid_content":false,"footnotes":""},"categories":[1],"tags":[],"class_list":["post-630","post","type-post","status-publish","format-standard","hentry","category-nezarazene"],"jetpack_featured_media_url":"","jetpack_sharing_enabled":true,"_links":{"self":[{"href":"https:\/\/blogy.chlebiq.eu\/vlakem\/wp-json\/wp\/v2\/posts\/630","targetHints":{"allow":["GET"]}}],"collection":[{"href":"https:\/\/blogy.chlebiq.eu\/vlakem\/wp-json\/wp\/v2\/posts"}],"about":[{"href":"https:\/\/blogy.chlebiq.eu\/vlakem\/wp-json\/wp\/v2\/types\/post"}],"author":[{"embeddable":true,"href":"https:\/\/blogy.chlebiq.eu\/vlakem\/wp-json\/wp\/v2\/users\/1"}],"replies":[{"embeddable":true,"href":"https:\/\/blogy.chlebiq.eu\/vlakem\/wp-json\/wp\/v2\/comments?post=630"}],"version-history":[{"count":2,"href":"https:\/\/blogy.chlebiq.eu\/vlakem\/wp-json\/wp\/v2\/posts\/630\/revisions"}],"predecessor-version":[{"id":632,"href":"https:\/\/blogy.chlebiq.eu\/vlakem\/wp-json\/wp\/v2\/posts\/630\/revisions\/632"}],"wp:attachment":[{"href":"https:\/\/blogy.chlebiq.eu\/vlakem\/wp-json\/wp\/v2\/media?parent=630"}],"wp:term":[{"taxonomy":"category","embeddable":true,"href":"https:\/\/blogy.chlebiq.eu\/vlakem\/wp-json\/wp\/v2\/categories?post=630"},{"taxonomy":"post_tag","embeddable":true,"href":"https:\/\/blogy.chlebiq.eu\/vlakem\/wp-json\/wp\/v2\/tags?post=630"}],"curies":[{"name":"wp","href":"https:\/\/api.w.org\/{rel}","templated":true}]}}