{"id":541,"date":"2022-09-07T16:44:08","date_gmt":"2022-09-07T14:44:08","guid":{"rendered":"https:\/\/vlakem.chlebiq.eu\/?p=541"},"modified":"2022-09-08T19:10:04","modified_gmt":"2022-09-08T17:10:04","slug":"od-terminalu","status":"publish","type":"post","link":"https:\/\/blogy.chlebiq.eu\/vlakem\/od-terminalu\/","title":{"rendered":"Od termin\u00e1lu"},"content":{"rendered":"\n<p>K termin\u00e1lu trajektu do Estonska jsou to z centra Helsinek jen 3 kilometry. Samoz\u0159ejm\u011b jsem to do\u0161el p\u011b\u0161ky. Myslel jsem, \u017ee bych mohl stihnout d\u0159\u00edv\u011bj\u0161\u00ed, a m\u00e1lem jsem ho taky stihl, kdybych se cestou kv\u016fli fotk\u00e1m a dal\u0161\u00edm z\u00e1\u017eitk\u016fm nezdr\u017eoval a pak se nechal zbyte\u010dn\u011b stresovat (\u00fa\u0159edn\u00edk za p\u0159ep\u00e1\u017ekou vyhro\u017eoval, \u017ee br\u00e1nu zav\u0159e za t\u0159i minuty). Rozhodl se po\u010dkat t\u0159i hodiny (\u010dek\u00e1n\u00ed mi p\u0159ece letos ned\u011bl\u00e1 probl\u00e9m) a mezit\u00edm rezervovat n\u011bjak\u00e9 bydlen\u00ed v Tallinu a za\u0159\u00eddit pr\u00e1ci. To chlap\u00edk, co post\u00e1val u pokladen, do toho \u0161el, jen jsem za n\u011bj musel zaplatit j\u00edzdenku, proto\u017ee nem\u011bl kartu, a vz\u00edt si od n\u011bj hotovost. \u00da\u0159edn\u00edk mu dal slevu, o kterou jsem ho celou naopak p\u0159ipravil j\u00e1, proto\u017ee j\u00e1 naopak nem\u00e1m hotovost, a tak jsem mu nemohl vr\u00e1tit drobn\u00e9. Kdy\u017e jsem vlo\u017eil kartu do termin\u00e1lu (platebn\u00edho), chyb\u011bly mi na \u00fa\u010dtu pen\u00edze. Poslal jsem je tam a vlo\u017eil kartu znovu a tentokr\u00e1t zadal \u0161patn\u00fd PIN. Ale chlap\u00edk byl po\u0159\u00e1d v klidu. M\u011bl pak jednu minutu, ale nikde tu nepost\u00e1v\u00e1 a nehroz\u00ed na m\u011b p\u011bsti\u010dkou, tak to z\u0159ejm\u011b stihl.<\/p>\n\n\n\n<figure class=\"wp-block-image size-large\"><img loading=\"lazy\" decoding=\"async\" width=\"1024\" height=\"768\" src=\"https:\/\/vlakem.chlebiq.eu\/wp-content\/uploads\/2022\/09\/IMG_20220907_162346171-1024x768.jpg\" alt=\"\" class=\"wp-image-544\" srcset=\"https:\/\/blogy.chlebiq.eu\/vlakem\/wp-content\/uploads\/2022\/09\/IMG_20220907_162346171-1024x768.jpg 1024w, https:\/\/blogy.chlebiq.eu\/vlakem\/wp-content\/uploads\/2022\/09\/IMG_20220907_162346171-300x225.jpg 300w, https:\/\/blogy.chlebiq.eu\/vlakem\/wp-content\/uploads\/2022\/09\/IMG_20220907_162346171-768x576.jpg 768w, https:\/\/blogy.chlebiq.eu\/vlakem\/wp-content\/uploads\/2022\/09\/IMG_20220907_162346171-1536x1152.jpg 1536w, https:\/\/blogy.chlebiq.eu\/vlakem\/wp-content\/uploads\/2022\/09\/IMG_20220907_162346171-2048x1536.jpg 2048w\" sizes=\"auto, (max-width: 1024px) 100vw, 1024px\" \/><\/figure>\n","protected":false},"excerpt":{"rendered":"<p>K termin\u00e1lu trajektu do Estonska jsou to z centra Helsinek jen 3 kilometry. Samoz\u0159ejm\u011b jsem to do\u0161el p\u011b\u0161ky. Myslel jsem, \u017ee bych mohl stihnout d\u0159\u00edv\u011bj\u0161\u00ed, a m\u00e1lem jsem ho taky stihl, kdybych se cestou kv\u016fli fotk\u00e1m a dal\u0161\u00edm z\u00e1\u017eitk\u016fm nezdr\u017eoval a pak se nechal zbyte\u010dn\u011b stresovat (\u00fa\u0159edn\u00edk za p\u0159ep\u00e1\u017ekou vyhro\u017eoval, \u017ee br\u00e1nu zav\u0159e za t\u0159i &#8230; <a title=\"Od termin\u00e1lu\" class=\"read-more\" href=\"https:\/\/blogy.chlebiq.eu\/vlakem\/od-terminalu\/\">Read more<span class=\"screen-reader-text\">Od termin\u00e1lu<\/span><\/a><\/p>\n","protected":false},"author":1,"featured_media":0,"comment_status":"closed","ping_status":"open","sticky":false,"template":"","format":"standard","meta":{"_jetpack_memberships_contains_paid_content":false,"footnotes":""},"categories":[1],"tags":[],"class_list":["post-541","post","type-post","status-publish","format-standard","hentry","category-nezarazene"],"jetpack_featured_media_url":"","jetpack_sharing_enabled":true,"_links":{"self":[{"href":"https:\/\/blogy.chlebiq.eu\/vlakem\/wp-json\/wp\/v2\/posts\/541","targetHints":{"allow":["GET"]}}],"collection":[{"href":"https:\/\/blogy.chlebiq.eu\/vlakem\/wp-json\/wp\/v2\/posts"}],"about":[{"href":"https:\/\/blogy.chlebiq.eu\/vlakem\/wp-json\/wp\/v2\/types\/post"}],"author":[{"embeddable":true,"href":"https:\/\/blogy.chlebiq.eu\/vlakem\/wp-json\/wp\/v2\/users\/1"}],"replies":[{"embeddable":true,"href":"https:\/\/blogy.chlebiq.eu\/vlakem\/wp-json\/wp\/v2\/comments?post=541"}],"version-history":[{"count":4,"href":"https:\/\/blogy.chlebiq.eu\/vlakem\/wp-json\/wp\/v2\/posts\/541\/revisions"}],"predecessor-version":[{"id":599,"href":"https:\/\/blogy.chlebiq.eu\/vlakem\/wp-json\/wp\/v2\/posts\/541\/revisions\/599"}],"wp:attachment":[{"href":"https:\/\/blogy.chlebiq.eu\/vlakem\/wp-json\/wp\/v2\/media?parent=541"}],"wp:term":[{"taxonomy":"category","embeddable":true,"href":"https:\/\/blogy.chlebiq.eu\/vlakem\/wp-json\/wp\/v2\/categories?post=541"},{"taxonomy":"post_tag","embeddable":true,"href":"https:\/\/blogy.chlebiq.eu\/vlakem\/wp-json\/wp\/v2\/tags?post=541"}],"curies":[{"name":"wp","href":"https:\/\/api.w.org\/{rel}","templated":true}]}}