{"id":476,"date":"2022-09-06T12:32:02","date_gmt":"2022-09-06T10:32:02","guid":{"rendered":"https:\/\/vlakem.chlebiq.eu\/?p=476"},"modified":"2022-09-06T12:32:52","modified_gmt":"2022-09-06T10:32:52","slug":"baltska-princezna","status":"publish","type":"post","link":"https:\/\/blogy.chlebiq.eu\/vlakem\/baltska-princezna\/","title":{"rendered":"Baltsk\u00e1 princezna"},"content":{"rendered":"\n<p>Pomalu se na tom trajektu za\u010d\u00edn\u00e1m rozkouk\u00e1vat a zji\u0161\u0165uju, \u017ee to, co se mi r\u00e1no zd\u00e1lo jako \u0159\u00ed\u0161e div\u016f, m\u011b udivovat nep\u0159est\u00e1v\u00e1. Nad cestuj\u00edc\u00edmi, kter\u00fdch bude maxim\u00e1ln\u011b p\u00e1r des\u00edtek, po\u010dtem zjevn\u011b p\u0159eva\u017euje person\u00e1l. Pro\u0161el jsem n\u011bkolika kav\u00e1rnami, bary a restauracemi, pro\u0161el ulic\u00ed s parf\u00e9my, duty-free shopem a tak d\u00e1le a tak d\u00e1le a zakotvil v jednom z podnik\u016f. Vedle hraje \u017eiv\u00e1 kapela \u010d\u00edtaj\u00edc\u00ed t\u0159i muzikanty. Servis jako pro VIP za dvacet eur. <\/p>\n\n\n\n<figure class=\"wp-block-image size-large\"><img loading=\"lazy\" decoding=\"async\" width=\"1024\" height=\"768\" src=\"https:\/\/vlakem.chlebiq.eu\/wp-content\/uploads\/2022\/09\/201_trajekt-1024x768.jpg\" alt=\"\" class=\"wp-image-478\" srcset=\"https:\/\/blogy.chlebiq.eu\/vlakem\/wp-content\/uploads\/2022\/09\/201_trajekt-1024x768.jpg 1024w, https:\/\/blogy.chlebiq.eu\/vlakem\/wp-content\/uploads\/2022\/09\/201_trajekt-300x225.jpg 300w, https:\/\/blogy.chlebiq.eu\/vlakem\/wp-content\/uploads\/2022\/09\/201_trajekt-768x576.jpg 768w, https:\/\/blogy.chlebiq.eu\/vlakem\/wp-content\/uploads\/2022\/09\/201_trajekt-1536x1152.jpg 1536w, https:\/\/blogy.chlebiq.eu\/vlakem\/wp-content\/uploads\/2022\/09\/201_trajekt-2048x1536.jpg 2048w\" sizes=\"auto, (max-width: 1024px) 100vw, 1024px\" \/><\/figure>\n","protected":false},"excerpt":{"rendered":"<p>Pomalu se na tom trajektu za\u010d\u00edn\u00e1m rozkouk\u00e1vat a zji\u0161\u0165uju, \u017ee to, co se mi r\u00e1no zd\u00e1lo jako \u0159\u00ed\u0161e div\u016f, m\u011b udivovat nep\u0159est\u00e1v\u00e1. Nad cestuj\u00edc\u00edmi, kter\u00fdch bude maxim\u00e1ln\u011b p\u00e1r des\u00edtek, po\u010dtem zjevn\u011b p\u0159eva\u017euje person\u00e1l. Pro\u0161el jsem n\u011bkolika kav\u00e1rnami, bary a restauracemi, pro\u0161el ulic\u00ed s parf\u00e9my, duty-free shopem a tak d\u00e1le a tak d\u00e1le a zakotvil v &#8230; <a title=\"Baltsk\u00e1 princezna\" class=\"read-more\" href=\"https:\/\/blogy.chlebiq.eu\/vlakem\/baltska-princezna\/\">Read more<span class=\"screen-reader-text\">Baltsk\u00e1 princezna<\/span><\/a><\/p>\n","protected":false},"author":1,"featured_media":0,"comment_status":"closed","ping_status":"open","sticky":false,"template":"","format":"standard","meta":{"_jetpack_memberships_contains_paid_content":false,"footnotes":""},"categories":[1],"tags":[],"class_list":["post-476","post","type-post","status-publish","format-standard","hentry","category-nezarazene"],"jetpack_featured_media_url":"","jetpack_sharing_enabled":true,"_links":{"self":[{"href":"https:\/\/blogy.chlebiq.eu\/vlakem\/wp-json\/wp\/v2\/posts\/476","targetHints":{"allow":["GET"]}}],"collection":[{"href":"https:\/\/blogy.chlebiq.eu\/vlakem\/wp-json\/wp\/v2\/posts"}],"about":[{"href":"https:\/\/blogy.chlebiq.eu\/vlakem\/wp-json\/wp\/v2\/types\/post"}],"author":[{"embeddable":true,"href":"https:\/\/blogy.chlebiq.eu\/vlakem\/wp-json\/wp\/v2\/users\/1"}],"replies":[{"embeddable":true,"href":"https:\/\/blogy.chlebiq.eu\/vlakem\/wp-json\/wp\/v2\/comments?post=476"}],"version-history":[{"count":2,"href":"https:\/\/blogy.chlebiq.eu\/vlakem\/wp-json\/wp\/v2\/posts\/476\/revisions"}],"predecessor-version":[{"id":479,"href":"https:\/\/blogy.chlebiq.eu\/vlakem\/wp-json\/wp\/v2\/posts\/476\/revisions\/479"}],"wp:attachment":[{"href":"https:\/\/blogy.chlebiq.eu\/vlakem\/wp-json\/wp\/v2\/media?parent=476"}],"wp:term":[{"taxonomy":"category","embeddable":true,"href":"https:\/\/blogy.chlebiq.eu\/vlakem\/wp-json\/wp\/v2\/categories?post=476"},{"taxonomy":"post_tag","embeddable":true,"href":"https:\/\/blogy.chlebiq.eu\/vlakem\/wp-json\/wp\/v2\/tags?post=476"}],"curies":[{"name":"wp","href":"https:\/\/api.w.org\/{rel}","templated":true}]}}