{"id":318,"date":"2022-09-02T19:01:11","date_gmt":"2022-09-02T17:01:11","guid":{"rendered":"https:\/\/vlakem.chlebiq.eu\/schona\/"},"modified":"2022-09-02T19:04:00","modified_gmt":"2022-09-02T17:04:00","slug":"schona","status":"publish","type":"post","link":"https:\/\/blogy.chlebiq.eu\/vlakem\/schona\/","title":{"rendered":"Sch\u00f6na"},"content":{"rendered":"\n<p>P\u0159izn\u00e1v\u00e1m, moc se mi necht\u011blo. N\u00e1ro\u010dn\u00fd t\u00fdden, dnes v noci m\u00e1lo sp\u00e1nku a jak\u00e9si mroukle na du\u0161i tryskaj\u00edc\u00ed z oby\u010dejn\u00fdch lidsk\u00fdch klep\u016f v kombinaci s teplotou odch\u00e1zej\u00edc\u00edho l\u00e9ta m\u011b sp\u00ed\u0161 odrazovaly, ne\u017e abych se zase za\u010dal t\u011b\u0161it. Je\u0161t\u011b te\u010f m\u00e1m sto chut\u00ed sednout si na nejbli\u017e\u0161\u00ed k\u00e1men, d\u00e1t si hlavu do dlan\u00ed a zavolat dom\u016f: &#8222;Odvezte si m\u011b!&#8220; Ani ty patn\u00edky na hranic\u00edch \u010ceska s Evropou a ani ta stezka pod\u00e9l Labe, kterou m\u00e1m tak r\u00e1d, na m\u011b dnes nep\u016fsob\u00ed t\u00edm zklid\u0148uj\u00edc\u00edm dojmem jako v\u017edycky. C\u00edt\u00edm se st\u00edsn\u011bn\u011bji ne\u017e sout\u011bsky labsk\u00fdch p\u00edskovc\u016f na prot\u011bj\u0161\u00edm b\u0159ehu \u0159eky. Chladn\u00fd v\u00e1nek profukuje a na krajinu pomalu pad\u00e1 soumrak. A doma je tak hezky! <\/p>\n\n\n\n<p>Jen\u017ee takov\u00fdch u\u017e bylo, co to vzdali na prvn\u00edm kilometru a nikdy se nikam nedostali! P\u0159esn\u011b kv\u016fli takov\u00fdmhle pocit\u016fm jsem se rozhodl tuhle zkou\u0161ku podstoupit. Cestu z Doln\u00edho \u017dlebu v\u010detn\u011b uzav\u0159en\u00ed poji\u0161t\u011bn\u00ed, na kter\u00e9 jsem pochopiteln\u011b zapomn\u011bl, jsem zvl\u00e1dl bleskurychle. Za chv\u00edli jede vlak do Bad Schandau a dal\u0161\u00ed pak do Berl\u00edna. Budu tam je\u0161t\u011b dnes ve\u010der.<\/p>\n","protected":false},"excerpt":{"rendered":"<p>P\u0159izn\u00e1v\u00e1m, moc se mi necht\u011blo. N\u00e1ro\u010dn\u00fd t\u00fdden, dnes v noci m\u00e1lo sp\u00e1nku a jak\u00e9si mroukle na du\u0161i tryskaj\u00edc\u00ed z oby\u010dejn\u00fdch lidsk\u00fdch klep\u016f v kombinaci s teplotou odch\u00e1zej\u00edc\u00edho l\u00e9ta m\u011b sp\u00ed\u0161 odrazovaly, ne\u017e abych se zase za\u010dal t\u011b\u0161it. Je\u0161t\u011b te\u010f m\u00e1m sto chut\u00ed sednout si na nejbli\u017e\u0161\u00ed k\u00e1men, d\u00e1t si hlavu do dlan\u00ed a zavolat dom\u016f: &#8230; <a title=\"Sch\u00f6na\" class=\"read-more\" href=\"https:\/\/blogy.chlebiq.eu\/vlakem\/schona\/\">Read more<span class=\"screen-reader-text\">Sch\u00f6na<\/span><\/a><\/p>\n","protected":false},"author":1,"featured_media":0,"comment_status":"closed","ping_status":"open","sticky":false,"template":"","format":"standard","meta":{"_jetpack_memberships_contains_paid_content":false,"footnotes":""},"categories":[1],"tags":[],"class_list":["post-318","post","type-post","status-publish","format-standard","hentry","category-nezarazene"],"jetpack_featured_media_url":"","jetpack_sharing_enabled":true,"_links":{"self":[{"href":"https:\/\/blogy.chlebiq.eu\/vlakem\/wp-json\/wp\/v2\/posts\/318","targetHints":{"allow":["GET"]}}],"collection":[{"href":"https:\/\/blogy.chlebiq.eu\/vlakem\/wp-json\/wp\/v2\/posts"}],"about":[{"href":"https:\/\/blogy.chlebiq.eu\/vlakem\/wp-json\/wp\/v2\/types\/post"}],"author":[{"embeddable":true,"href":"https:\/\/blogy.chlebiq.eu\/vlakem\/wp-json\/wp\/v2\/users\/1"}],"replies":[{"embeddable":true,"href":"https:\/\/blogy.chlebiq.eu\/vlakem\/wp-json\/wp\/v2\/comments?post=318"}],"version-history":[{"count":1,"href":"https:\/\/blogy.chlebiq.eu\/vlakem\/wp-json\/wp\/v2\/posts\/318\/revisions"}],"predecessor-version":[{"id":319,"href":"https:\/\/blogy.chlebiq.eu\/vlakem\/wp-json\/wp\/v2\/posts\/318\/revisions\/319"}],"wp:attachment":[{"href":"https:\/\/blogy.chlebiq.eu\/vlakem\/wp-json\/wp\/v2\/media?parent=318"}],"wp:term":[{"taxonomy":"category","embeddable":true,"href":"https:\/\/blogy.chlebiq.eu\/vlakem\/wp-json\/wp\/v2\/categories?post=318"},{"taxonomy":"post_tag","embeddable":true,"href":"https:\/\/blogy.chlebiq.eu\/vlakem\/wp-json\/wp\/v2\/tags?post=318"}],"curies":[{"name":"wp","href":"https:\/\/api.w.org\/{rel}","templated":true}]}}