{"id":313,"date":"2022-09-02T00:35:46","date_gmt":"2022-09-01T22:35:46","guid":{"rendered":"https:\/\/vlakem.chlebiq.eu\/na-sever\/"},"modified":"2022-09-02T00:42:32","modified_gmt":"2022-09-01T22:42:32","slug":"na-sever","status":"publish","type":"post","link":"https:\/\/blogy.chlebiq.eu\/vlakem\/na-sever\/","title":{"rendered":"Na sever!"},"content":{"rendered":"\n<p><em>&#8222;Tyjo, ty si, t\u00e1to, jezd\u00ed\u0161 v\u0161ude mo\u017en\u011b po sv\u011bt\u011b vlakama a m\u016fj nejv\u011bt\u0161\u00ed v\u00fdlet \u017eivota je asi moment\u00e1ln\u011b z Prahy hlavn\u00edho n\u00e1dra\u017e\u00ed na Prahu Hostiva\u0159,&#8220;<\/em> napsal mi v\u010dera vpodve\u010der m., sm\u011b\u0159uj\u00edc\u00ed do zku\u0161ebny mezi jak\u00e9si skladov\u011b-tov\u00e1rn\u00ed haly na pra\u017esk\u00e9 periferii. Podot\u00fdk\u00e1m, \u017ee jde o t\u00e9ho\u017e m., kter\u00fd s n\u00e1mi od \u00fatl\u00e9ho v\u011bku procestoval p\u016fl Evropy a ve v\u011bku 2,5 roku \u0161ermoval na maltsk\u00e9m ostrov\u011b Gozo d\u0159ev\u011bn\u00fdm me\u010dem proti nad\u017eivotn\u00ed so\u0161e Jana Pavla II. a volal: &#8222;To rozbiju!&#8220; Abych jeho slov\u016fm dodal konkr\u00e9tnosti a faktick\u00e9 spr\u00e1vnosti, znovu jsem si zabalil a vyd\u00e1v\u00e1m se do Skandin\u00e1vie a Pobalt\u00ed. Nutno dodat, \u017ee zna\u010dn\u011b rozechv\u011bl\u00fd. Zat\u00edmco v p\u0159edchoz\u00ed etap\u011b jsem se mohl spolehnout na jakous takous znalost prost\u0159ed\u00ed, by\u0165 m\u011b jeho nespolehlivost zna\u010dn\u011b p\u0159ekvapila a dennodenn\u011b mi v\u00fdrazn\u011b zasahovala do pl\u00e1n\u016f, a jazyk\u016f, kter\u00e9\u017eto mohu pova\u017eovat za jak\u017e tak\u017e identifikovateln\u00e9, tentokr\u00e1t m\u011b \u010dek\u00e1 velk\u00e1 nezn\u00e1m\u00e1.<\/p>\n\n\n\n<p>Ne \u017ee by Finsko, Estonsko, Loty\u0161sko a Litva nebyly civilizovan\u00e9 zem\u011b, ale p\u0159ece jenom jde o destinace, kter\u00e9 slibuj\u00ed dobrodru\u017estv\u00ed. Jednak mi ve velk\u00e9 \u010d\u00e1sti Pobalt\u00ed neplat\u00ed j\u00edzdenka a koupit budu muset i j\u00edzdenky na trajekty a jednak se vyd\u00e1v\u00e1m na dohled v\u00e1lky. Uklid\u0148uje m\u011b ale neoby\u010dejn\u00e1 lehkost cestov\u00e1n\u00ed. Stockholm, jeden z n\u00e1sleduj\u00edc\u00edch miln\u00edk\u016f, le\u017e\u00ed od Prahy vzdu\u0161nou \u010darou jen n\u011bco p\u0159es 1 000 kilometr\u016f (po silnici ale v\u00edc ne\u017e 1 500). Na\u0161e a. je moment\u00e1ln\u011b v Nebrasce a tam je to osmkr\u00e1t d\u00e1l. A pokud \u017eelezni\u010d\u00e1\u0159i dovol\u00ed, tahle vzd\u00e1lenost se d\u00e1 urazit za necel\u00fdch 24 hodin. Tak\u017ee v\u017edycky se m\u016f\u017eu vr\u00e1tit&#8230; <\/p>\n","protected":false},"excerpt":{"rendered":"<p>&#8222;Tyjo, ty si, t\u00e1to, jezd\u00ed\u0161 v\u0161ude mo\u017en\u011b po sv\u011bt\u011b vlakama a m\u016fj nejv\u011bt\u0161\u00ed v\u00fdlet \u017eivota je asi moment\u00e1ln\u011b z Prahy hlavn\u00edho n\u00e1dra\u017e\u00ed na Prahu Hostiva\u0159,&#8220; napsal mi v\u010dera vpodve\u010der m., sm\u011b\u0159uj\u00edc\u00ed do zku\u0161ebny mezi jak\u00e9si skladov\u011b-tov\u00e1rn\u00ed haly na pra\u017esk\u00e9 periferii. Podot\u00fdk\u00e1m, \u017ee jde o t\u00e9ho\u017e m., kter\u00fd s n\u00e1mi od \u00fatl\u00e9ho v\u011bku procestoval p\u016fl Evropy &#8230; <a title=\"Na sever!\" class=\"read-more\" href=\"https:\/\/blogy.chlebiq.eu\/vlakem\/na-sever\/\">Read more<span class=\"screen-reader-text\">Na sever!<\/span><\/a><\/p>\n","protected":false},"author":1,"featured_media":0,"comment_status":"closed","ping_status":"open","sticky":false,"template":"","format":"standard","meta":{"_jetpack_memberships_contains_paid_content":false,"footnotes":""},"categories":[1],"tags":[],"class_list":["post-313","post","type-post","status-publish","format-standard","hentry","category-nezarazene"],"jetpack_featured_media_url":"","jetpack_sharing_enabled":true,"_links":{"self":[{"href":"https:\/\/blogy.chlebiq.eu\/vlakem\/wp-json\/wp\/v2\/posts\/313","targetHints":{"allow":["GET"]}}],"collection":[{"href":"https:\/\/blogy.chlebiq.eu\/vlakem\/wp-json\/wp\/v2\/posts"}],"about":[{"href":"https:\/\/blogy.chlebiq.eu\/vlakem\/wp-json\/wp\/v2\/types\/post"}],"author":[{"embeddable":true,"href":"https:\/\/blogy.chlebiq.eu\/vlakem\/wp-json\/wp\/v2\/users\/1"}],"replies":[{"embeddable":true,"href":"https:\/\/blogy.chlebiq.eu\/vlakem\/wp-json\/wp\/v2\/comments?post=313"}],"version-history":[{"count":3,"href":"https:\/\/blogy.chlebiq.eu\/vlakem\/wp-json\/wp\/v2\/posts\/313\/revisions"}],"predecessor-version":[{"id":316,"href":"https:\/\/blogy.chlebiq.eu\/vlakem\/wp-json\/wp\/v2\/posts\/313\/revisions\/316"}],"wp:attachment":[{"href":"https:\/\/blogy.chlebiq.eu\/vlakem\/wp-json\/wp\/v2\/media?parent=313"}],"wp:term":[{"taxonomy":"category","embeddable":true,"href":"https:\/\/blogy.chlebiq.eu\/vlakem\/wp-json\/wp\/v2\/categories?post=313"},{"taxonomy":"post_tag","embeddable":true,"href":"https:\/\/blogy.chlebiq.eu\/vlakem\/wp-json\/wp\/v2\/tags?post=313"}],"curies":[{"name":"wp","href":"https:\/\/api.w.org\/{rel}","templated":true}]}}