{"id":207,"date":"2022-08-27T17:15:53","date_gmt":"2022-08-27T15:15:53","guid":{"rendered":"https:\/\/vlakem.chlebiq.eu\/freiburg\/"},"modified":"2022-08-27T17:15:53","modified_gmt":"2022-08-27T15:15:53","slug":"freiburg","status":"publish","type":"post","link":"https:\/\/blogy.chlebiq.eu\/vlakem\/freiburg\/","title":{"rendered":"Freiburg"},"content":{"rendered":"\n<p>Jestli odte\u010f bude po\u010das\u00ed, jak\u00e9 n\u00e1s zastihlo p\u0159ed Freiburgem, posledn\u00ed zast\u00e1vkou p\u0159ed \u0161v\u00fdcarsk\u00fdmi hranicemi, mo\u017en\u00e1 se do punt\u00edku napln\u00ed to, co jsem v\u010dera \u0159\u00edkal V\u011brise &#8211; \u017ee mi jde o cestov\u00e1n\u00ed jako takov\u00e9 a \u017ee mi sta\u010d\u00ed v ka\u017ed\u00e9m m\u011bst\u011b pob\u00fdt jen chv\u00edli. V Bernu mo\u017en\u00e1 vkro\u010d\u00edm na \u0161v\u00fdcarskou p\u016fdu, ale krokem kr\u00e1tk\u00fdm a mokr\u00fdm. Na obloze le\u017e\u00ed deka, je zata\u017eeno a pr\u0161\u00ed. <\/p>\n\n\n\n<figure class=\"wp-block-image size-large\"><img decoding=\"async\" src=\"https:\/\/vlakem.chlebiq.eu\/fotky\/049_freiburg.jpg\" alt=\"\"\/><\/figure>\n","protected":false},"excerpt":{"rendered":"<p>Jestli odte\u010f bude po\u010das\u00ed, jak\u00e9 n\u00e1s zastihlo p\u0159ed Freiburgem, posledn\u00ed zast\u00e1vkou p\u0159ed \u0161v\u00fdcarsk\u00fdmi hranicemi, mo\u017en\u00e1 se do punt\u00edku napln\u00ed to, co jsem v\u010dera \u0159\u00edkal V\u011brise &#8211; \u017ee mi jde o cestov\u00e1n\u00ed jako takov\u00e9 a \u017ee mi sta\u010d\u00ed v ka\u017ed\u00e9m m\u011bst\u011b pob\u00fdt jen chv\u00edli. V Bernu mo\u017en\u00e1 vkro\u010d\u00edm na \u0161v\u00fdcarskou p\u016fdu, ale krokem kr\u00e1tk\u00fdm a mokr\u00fdm. &#8230; <a title=\"Freiburg\" class=\"read-more\" href=\"https:\/\/blogy.chlebiq.eu\/vlakem\/freiburg\/\">Read more<span class=\"screen-reader-text\">Freiburg<\/span><\/a><\/p>\n","protected":false},"author":1,"featured_media":0,"comment_status":"","ping_status":"open","sticky":false,"template":"","format":"standard","meta":{"_jetpack_memberships_contains_paid_content":false,"footnotes":""},"categories":[1],"tags":[],"class_list":["post-207","post","type-post","status-publish","format-standard","hentry","category-nezarazene"],"jetpack_featured_media_url":"","jetpack_sharing_enabled":true,"_links":{"self":[{"href":"https:\/\/blogy.chlebiq.eu\/vlakem\/wp-json\/wp\/v2\/posts\/207","targetHints":{"allow":["GET"]}}],"collection":[{"href":"https:\/\/blogy.chlebiq.eu\/vlakem\/wp-json\/wp\/v2\/posts"}],"about":[{"href":"https:\/\/blogy.chlebiq.eu\/vlakem\/wp-json\/wp\/v2\/types\/post"}],"author":[{"embeddable":true,"href":"https:\/\/blogy.chlebiq.eu\/vlakem\/wp-json\/wp\/v2\/users\/1"}],"replies":[{"embeddable":true,"href":"https:\/\/blogy.chlebiq.eu\/vlakem\/wp-json\/wp\/v2\/comments?post=207"}],"version-history":[{"count":0,"href":"https:\/\/blogy.chlebiq.eu\/vlakem\/wp-json\/wp\/v2\/posts\/207\/revisions"}],"wp:attachment":[{"href":"https:\/\/blogy.chlebiq.eu\/vlakem\/wp-json\/wp\/v2\/media?parent=207"}],"wp:term":[{"taxonomy":"category","embeddable":true,"href":"https:\/\/blogy.chlebiq.eu\/vlakem\/wp-json\/wp\/v2\/categories?post=207"},{"taxonomy":"post_tag","embeddable":true,"href":"https:\/\/blogy.chlebiq.eu\/vlakem\/wp-json\/wp\/v2\/tags?post=207"}],"curies":[{"name":"wp","href":"https:\/\/api.w.org\/{rel}","templated":true}]}}