{"id":1731,"date":"2022-10-17T20:29:30","date_gmt":"2022-10-17T18:29:30","guid":{"rendered":"https:\/\/vlakem.chlebiq.eu\/?p=1731"},"modified":"2022-10-17T20:29:31","modified_gmt":"2022-10-17T18:29:31","slug":"uleva","status":"publish","type":"post","link":"https:\/\/blogy.chlebiq.eu\/vlakem\/uleva\/","title":{"rendered":"\u00daleva"},"content":{"rendered":"\n<p>Sed\u00edm ve vlaku z Frankfurtu do Bruselu, kter\u00fd u\u017e p\u00e1r minut od startu nabral sekeru, ale tentokr\u00e1t mi to nevad\u00ed, proto\u017ee je to posledn\u00ed z dne\u0161n\u00edch dopravn\u00edch prost\u0159edk\u016f. Brusel bude posledn\u00ed n\u00e1dra\u017e\u00ed p\u0159ed t\u00edm, ne\u017e budu moct p\u00e1r des\u00edtek hodin odpo\u010d\u00edvat. Je\u0161t\u011b v\u010dera skoro touto dobou jsem byl v Madridu a dnes jsem o n\u011bjak\u00fdch 1800 kilometr\u016f d\u00e1l, a p\u0159itom jsem to nebral p\u0159\u00edmo. Aplikace sice \u0159\u00edk\u00e1 n\u011bco jin\u00e9ho, ale u\u017e d\u00e1vno j\u00ed nem\u016f\u017eu v\u011b\u0159it. Ta vzd\u00e1lenost musela b\u00fdt za posledn\u00ed den rekordn\u00ed. A v\u0161echno \u0161lo hladce, jen bych se p\u0159i v\u0161\u00ed snaze u\u017e nedostal a\u017e dom\u016f &#8211; skon\u010dil bych bu\u010f v Lovosic\u00edch, nebo v Dr\u00e1\u017e\u010fanech. Odpoledne jsem si pohr\u00e1val s my\u0161lenkou, \u017ee z\u00edtra zajedu do Amsterodamu, \u010d\u00edm\u017e bych dokon\u010dil troj\u00faheln\u00edk Beneluxu. Z Belgie je to tam jen n\u011bco p\u0159es dv\u011b hodiny a l\u00e1kav\u00e9 je na tom to, \u017ee prost\u011b m\u016f\u017eu. Mo\u017en\u00e1 ale bude lep\u0161\u00ed v\u011bnovat se b\u011bhem z\u00edt\u0159ka s\u00e1m sob\u011b bez nutnosti pl\u00e1novat a za\u017e\u00edvat nejistotu, kde kdy skon\u010d\u00edm, a proj\u00edt si Brusel bez batohu na z\u00e1dech. Napad\u00e1 m\u011b spousta m\u00edst, kter\u00e1 bych je\u0161t\u011b mohl nebo m\u011bl vid\u011bt, ale v\u00edc u\u017e se toho stihnout ned\u00e1. A pocitu nejistoty si beztak budu moct u\u017e\u00edt je\u0161t\u011b ve st\u0159edu, proto\u017ee vlaky dom\u016f pojedou cel\u00fd den a znovu jich bude n\u011bkolik.<\/p>\n\n\n\n<p>&#8230; A zat\u00edmco tady tohle p\u00ed\u0161u, chlap\u00edk ze sedadla za mnou mi klepe na rameno a \u0159\u00edk\u00e1, \u017ee na n\u011bj z m\u00e9ho batohu te\u010de voda. Opravdu jen voda, \u0161patn\u011b jsem za\u0161rouboval l\u00e1hev a batoh polo\u017eil nahoru (obvykle to ale v\u016fbec ned\u011bl\u00e1m), proto\u017ee se ve vlaku za\u010dali hromadit lidi. Na\u0161t\u011bst\u00ed je v pohod\u011b a snad v\u0161ichni pochopili, \u017ee k tomu karambolu do\u0161lo jen d\u00edky m\u00e9 ohleduplnosti. T\u0159eba u\u017e si o mn\u011b \u017eelezni\u010d\u00e1\u0159\u0161t\u00ed vrabci po cel\u00e9 Evrop\u011b \u0161t\u011bbetaj\u00ed, \u017ee ten bl\u00e1zen, co jezd\u00ed s modr\u00fdm batohem s vykukuj\u00edc\u00edm m\u00e9\u010fou sem a tam, je v j\u00e1dru dobr\u00fd \u010dlov\u011bk, kdy\u017e pomohl mnoha \u017een\u00e1m s t\u011b\u017ek\u00fdmi zavazadly do vlaku nebo na polici. \u0160t\u011bst\u00ed, \u017ee se mi to stalo a\u017e te\u010f, proto\u017ee batoh vypad\u00e1, jako by do n\u011bj vyteklo p\u011bt litr\u016f vody.<\/p>\n","protected":false},"excerpt":{"rendered":"<p>Sed\u00edm ve vlaku z Frankfurtu do Bruselu, kter\u00fd u\u017e p\u00e1r minut od startu nabral sekeru, ale tentokr\u00e1t mi to nevad\u00ed, proto\u017ee je to posledn\u00ed z dne\u0161n\u00edch dopravn\u00edch prost\u0159edk\u016f. Brusel bude posledn\u00ed n\u00e1dra\u017e\u00ed p\u0159ed t\u00edm, ne\u017e budu moct p\u00e1r des\u00edtek hodin odpo\u010d\u00edvat. Je\u0161t\u011b v\u010dera skoro touto dobou jsem byl v Madridu a dnes jsem o n\u011bjak\u00fdch &#8230; <a title=\"\u00daleva\" class=\"read-more\" href=\"https:\/\/blogy.chlebiq.eu\/vlakem\/uleva\/\">Read more<span class=\"screen-reader-text\">\u00daleva<\/span><\/a><\/p>\n","protected":false},"author":1,"featured_media":0,"comment_status":"closed","ping_status":"open","sticky":false,"template":"","format":"standard","meta":{"_jetpack_memberships_contains_paid_content":false,"footnotes":""},"categories":[1],"tags":[],"class_list":["post-1731","post","type-post","status-publish","format-standard","hentry","category-nezarazene"],"jetpack_featured_media_url":"","jetpack_sharing_enabled":true,"_links":{"self":[{"href":"https:\/\/blogy.chlebiq.eu\/vlakem\/wp-json\/wp\/v2\/posts\/1731","targetHints":{"allow":["GET"]}}],"collection":[{"href":"https:\/\/blogy.chlebiq.eu\/vlakem\/wp-json\/wp\/v2\/posts"}],"about":[{"href":"https:\/\/blogy.chlebiq.eu\/vlakem\/wp-json\/wp\/v2\/types\/post"}],"author":[{"embeddable":true,"href":"https:\/\/blogy.chlebiq.eu\/vlakem\/wp-json\/wp\/v2\/users\/1"}],"replies":[{"embeddable":true,"href":"https:\/\/blogy.chlebiq.eu\/vlakem\/wp-json\/wp\/v2\/comments?post=1731"}],"version-history":[{"count":1,"href":"https:\/\/blogy.chlebiq.eu\/vlakem\/wp-json\/wp\/v2\/posts\/1731\/revisions"}],"predecessor-version":[{"id":1732,"href":"https:\/\/blogy.chlebiq.eu\/vlakem\/wp-json\/wp\/v2\/posts\/1731\/revisions\/1732"}],"wp:attachment":[{"href":"https:\/\/blogy.chlebiq.eu\/vlakem\/wp-json\/wp\/v2\/media?parent=1731"}],"wp:term":[{"taxonomy":"category","embeddable":true,"href":"https:\/\/blogy.chlebiq.eu\/vlakem\/wp-json\/wp\/v2\/categories?post=1731"},{"taxonomy":"post_tag","embeddable":true,"href":"https:\/\/blogy.chlebiq.eu\/vlakem\/wp-json\/wp\/v2\/tags?post=1731"}],"curies":[{"name":"wp","href":"https:\/\/api.w.org\/{rel}","templated":true}]}}