{"id":1722,"date":"2022-10-17T14:20:27","date_gmt":"2022-10-17T12:20:27","guid":{"rendered":"https:\/\/vlakem.chlebiq.eu\/?p=1722"},"modified":"2022-10-17T14:22:11","modified_gmt":"2022-10-17T12:22:11","slug":"basilej","status":"publish","type":"post","link":"https:\/\/blogy.chlebiq.eu\/vlakem\/basilej\/","title":{"rendered":"Basilej"},"content":{"rendered":"\n<p>Basilej je k\u0159i\u017eovatka cest a n\u00e1dra\u017e\u00ed m\u00e1 obrovsk\u00e9. A taky nejv\u011bt\u0161\u00ed koncentraci bezdomovc\u016f na po\u010det obyvatel, jak se zd\u00e1. Vlak odsud jede a\u017e do Berl\u00edna, ale bude tam za v\u00edc ne\u017e sedm hodin. A\u017e do Frankfurtu si nicm\u00e9n\u011b m\u016f\u017eu rozm\u00fd\u0161let, jestli to p\u0159ece jenom nesto\u010d\u00edm dom\u016f. Jen\u017ee p\u0159i cest\u011b z Frankfurtu bych ztvrdnul na noc v Lovosic\u00edch a p\u0159i cest\u011b z Berl\u00edna v Dr\u00e1\u017e\u010fanech.<\/p>\n\n\n\n<figure class=\"wp-block-gallery has-nested-images columns-default is-cropped wp-block-gallery-1 is-layout-flex wp-block-gallery-is-layout-flex\">\n<figure class=\"wp-block-image size-large\"><img loading=\"lazy\" decoding=\"async\" width=\"1024\" height=\"768\" data-id=\"1727\" src=\"https:\/\/vlakem.chlebiq.eu\/wp-content\/uploads\/2022\/10\/1406_basilej-1024x768.jpg\" alt=\"\" class=\"wp-image-1727\" srcset=\"https:\/\/blogy.chlebiq.eu\/vlakem\/wp-content\/uploads\/2022\/10\/1406_basilej-1024x768.jpg 1024w, https:\/\/blogy.chlebiq.eu\/vlakem\/wp-content\/uploads\/2022\/10\/1406_basilej-300x225.jpg 300w, https:\/\/blogy.chlebiq.eu\/vlakem\/wp-content\/uploads\/2022\/10\/1406_basilej-768x576.jpg 768w, https:\/\/blogy.chlebiq.eu\/vlakem\/wp-content\/uploads\/2022\/10\/1406_basilej-1536x1152.jpg 1536w, https:\/\/blogy.chlebiq.eu\/vlakem\/wp-content\/uploads\/2022\/10\/1406_basilej-2048x1536.jpg 2048w\" sizes=\"auto, (max-width: 1024px) 100vw, 1024px\" \/><\/figure>\n\n\n\n<figure class=\"wp-block-image size-large\"><img loading=\"lazy\" decoding=\"async\" width=\"1024\" height=\"768\" data-id=\"1726\" src=\"https:\/\/vlakem.chlebiq.eu\/wp-content\/uploads\/2022\/10\/1407_basilej-1024x768.jpg\" alt=\"\" class=\"wp-image-1726\" srcset=\"https:\/\/blogy.chlebiq.eu\/vlakem\/wp-content\/uploads\/2022\/10\/1407_basilej-1024x768.jpg 1024w, https:\/\/blogy.chlebiq.eu\/vlakem\/wp-content\/uploads\/2022\/10\/1407_basilej-300x225.jpg 300w, https:\/\/blogy.chlebiq.eu\/vlakem\/wp-content\/uploads\/2022\/10\/1407_basilej-768x576.jpg 768w, https:\/\/blogy.chlebiq.eu\/vlakem\/wp-content\/uploads\/2022\/10\/1407_basilej-1536x1152.jpg 1536w, https:\/\/blogy.chlebiq.eu\/vlakem\/wp-content\/uploads\/2022\/10\/1407_basilej-2048x1536.jpg 2048w\" sizes=\"auto, (max-width: 1024px) 100vw, 1024px\" \/><\/figure>\n<\/figure>\n","protected":false},"excerpt":{"rendered":"<p>Basilej je k\u0159i\u017eovatka cest a n\u00e1dra\u017e\u00ed m\u00e1 obrovsk\u00e9. A taky nejv\u011bt\u0161\u00ed koncentraci bezdomovc\u016f na po\u010det obyvatel, jak se zd\u00e1. Vlak odsud jede a\u017e do Berl\u00edna, ale bude tam za v\u00edc ne\u017e sedm hodin. A\u017e do Frankfurtu si nicm\u00e9n\u011b m\u016f\u017eu rozm\u00fd\u0161let, jestli to p\u0159ece jenom nesto\u010d\u00edm dom\u016f. Jen\u017ee p\u0159i cest\u011b z Frankfurtu bych ztvrdnul na noc &#8230; <a title=\"Basilej\" class=\"read-more\" href=\"https:\/\/blogy.chlebiq.eu\/vlakem\/basilej\/\">Read more<span class=\"screen-reader-text\">Basilej<\/span><\/a><\/p>\n","protected":false},"author":1,"featured_media":0,"comment_status":"closed","ping_status":"open","sticky":false,"template":"","format":"standard","meta":{"_jetpack_memberships_contains_paid_content":false,"footnotes":""},"categories":[1],"tags":[],"class_list":["post-1722","post","type-post","status-publish","format-standard","hentry","category-nezarazene"],"jetpack_featured_media_url":"","jetpack_sharing_enabled":true,"_links":{"self":[{"href":"https:\/\/blogy.chlebiq.eu\/vlakem\/wp-json\/wp\/v2\/posts\/1722","targetHints":{"allow":["GET"]}}],"collection":[{"href":"https:\/\/blogy.chlebiq.eu\/vlakem\/wp-json\/wp\/v2\/posts"}],"about":[{"href":"https:\/\/blogy.chlebiq.eu\/vlakem\/wp-json\/wp\/v2\/types\/post"}],"author":[{"embeddable":true,"href":"https:\/\/blogy.chlebiq.eu\/vlakem\/wp-json\/wp\/v2\/users\/1"}],"replies":[{"embeddable":true,"href":"https:\/\/blogy.chlebiq.eu\/vlakem\/wp-json\/wp\/v2\/comments?post=1722"}],"version-history":[{"count":3,"href":"https:\/\/blogy.chlebiq.eu\/vlakem\/wp-json\/wp\/v2\/posts\/1722\/revisions"}],"predecessor-version":[{"id":1729,"href":"https:\/\/blogy.chlebiq.eu\/vlakem\/wp-json\/wp\/v2\/posts\/1722\/revisions\/1729"}],"wp:attachment":[{"href":"https:\/\/blogy.chlebiq.eu\/vlakem\/wp-json\/wp\/v2\/media?parent=1722"}],"wp:term":[{"taxonomy":"category","embeddable":true,"href":"https:\/\/blogy.chlebiq.eu\/vlakem\/wp-json\/wp\/v2\/categories?post=1722"},{"taxonomy":"post_tag","embeddable":true,"href":"https:\/\/blogy.chlebiq.eu\/vlakem\/wp-json\/wp\/v2\/tags?post=1722"}],"curies":[{"name":"wp","href":"https:\/\/api.w.org\/{rel}","templated":true}]}}