{"id":1682,"date":"2022-10-16T18:24:16","date_gmt":"2022-10-16T16:24:16","guid":{"rendered":"https:\/\/vlakem.chlebiq.eu\/?p=1682"},"modified":"2022-10-16T19:20:04","modified_gmt":"2022-10-16T17:20:04","slug":"k-hostelu","status":"publish","type":"post","link":"https:\/\/blogy.chlebiq.eu\/vlakem\/k-hostelu\/","title":{"rendered":"K hostelu"},"content":{"rendered":"\n<p>Je\u0161t\u011b p\u00e1r pozn\u00e1mek k\u00a0hostelu, m\u00e9mu nejintenzivn\u011bj\u0161\u00edmu z\u00e1\u017eitku z leto\u0161n\u00edho Madridu. Sn\u00eddan\u011b byla sladk\u00e1 a ve stylu \u201enarvat co nejv\u011bt\u0161\u00ed mno\u017estv\u00ed lid\u00ed co nejlevn\u011bji sacharidy a cukry\u201c. Rozhodl jsem se nesladit kafe, ale bylo sladk\u00e9 samo osob\u011b, a\u017e jsem se b\u00e1l kousnout do tous\u0165\u00e1ku. Sladk\u00fd na t\u00e9 sn\u00eddani nebyl jen \u00fasm\u011bv obsluhy. Prvn\u00ed z\u00e1\u017eitek po vyjit\u00ed ven bylo d\u011bl\u00e1n\u00ed pot\u0159eby v\u00a0jak\u00e9si sp\u00ed\u0161 parodii na ke\u0159 m\u00edstn\u00edm bezdomovcem. Zrovna se vestoje ut\u00edral, kdy\u017e jsem p\u0159i\u0161el\u2026 P\u0159ijde mi zvl\u00e1\u0161tn\u00ed, \u017ee si n\u011bkdo dovol\u00ed ubytov\u00e1n\u00ed tohoto typu, kde ka\u017ed\u00fd m\u00e1 jen svou karti\u010dku s\u00a0\u010d\u00edslem, nab\u00edzet za takov\u00e9 pen\u00edze, a je\u0161t\u011b to ozna\u010dovat za udr\u017eiteln\u00e9 cestov\u00e1n\u00ed. Tento zp\u016fsob cestov\u00e1n\u00ed je udr\u017eiteln\u00fd maxim\u00e1ln\u011b jednu noc, ani o fous d\u00e9le. Ale kde je popt\u00e1vka, m\u016f\u017ee b\u00fdt nab\u00eddka. Osazenstvo hostelu bylo velmi pestr\u00e9, na sn\u00eddani jsem se se\u0161el se zhruba \u0161edes\u00e1tiletou d\u00e1mou (t\u0159eba j\u00ed bylo m\u00ed\u0148 a \u0159ekla, \u017ee to mus\u00ed vyzkou\u0161et, ne\u017e j\u00ed bude \u0161edes\u00e1t), cizinci r\u016fzn\u00fdch etnik, ale i se sle\u010dinkami v\u00a0epesn\u00edch modelech. Spolubydl\u00edc\u00edch na pokoji bylo nakonec opravdu jen patn\u00e1ct, jeliko\u017e jsem dvojici na posteli pode mnou r\u00e1no identifikoval jako velkou pan\u00ed. Shodou okolnost\u00ed m\u011b pr\u00e1v\u011b ona upozornila na to, \u017ee tam m\u00e1me dva z\u00e1chody a ten druh\u00fd byl dokonce zamykac\u00ed. Bylo dobr\u00e9 to zkusit, ale potom, co m\u00e1 kvalita hostel\u016f klesaj\u00edc\u00ed tendenci a Z\u00e1h\u0159eb m\u011b neodradil, boj\u00edm se, co by p\u0159i\u0161lo p\u0159\u00ed\u0161t\u011b. Tak\u017ee u\u017e nikdy v\u00edce!<\/p>\n\n\n\n<figure class=\"wp-block-image size-large\"><img decoding=\"async\" src=\"https:\/\/vlakem.chlebiq.eu\/fotky\/1266_madrid.jpg\" alt=\"\"\/><\/figure>\n","protected":false},"excerpt":{"rendered":"<p>Je\u0161t\u011b p\u00e1r pozn\u00e1mek k\u00a0hostelu, m\u00e9mu nejintenzivn\u011bj\u0161\u00edmu z\u00e1\u017eitku z leto\u0161n\u00edho Madridu. Sn\u00eddan\u011b byla sladk\u00e1 a ve stylu \u201enarvat co nejv\u011bt\u0161\u00ed mno\u017estv\u00ed lid\u00ed co nejlevn\u011bji sacharidy a cukry\u201c. Rozhodl jsem se nesladit kafe, ale bylo sladk\u00e9 samo osob\u011b, a\u017e jsem se b\u00e1l kousnout do tous\u0165\u00e1ku. Sladk\u00fd na t\u00e9 sn\u00eddani nebyl jen \u00fasm\u011bv obsluhy. Prvn\u00ed z\u00e1\u017eitek po vyjit\u00ed &#8230; <a title=\"K hostelu\" class=\"read-more\" href=\"https:\/\/blogy.chlebiq.eu\/vlakem\/k-hostelu\/\">Read more<span class=\"screen-reader-text\">K hostelu<\/span><\/a><\/p>\n","protected":false},"author":1,"featured_media":0,"comment_status":"closed","ping_status":"open","sticky":false,"template":"","format":"standard","meta":{"_jetpack_memberships_contains_paid_content":false,"footnotes":""},"categories":[1],"tags":[],"class_list":["post-1682","post","type-post","status-publish","format-standard","hentry","category-nezarazene"],"jetpack_featured_media_url":"","jetpack_sharing_enabled":true,"_links":{"self":[{"href":"https:\/\/blogy.chlebiq.eu\/vlakem\/wp-json\/wp\/v2\/posts\/1682","targetHints":{"allow":["GET"]}}],"collection":[{"href":"https:\/\/blogy.chlebiq.eu\/vlakem\/wp-json\/wp\/v2\/posts"}],"about":[{"href":"https:\/\/blogy.chlebiq.eu\/vlakem\/wp-json\/wp\/v2\/types\/post"}],"author":[{"embeddable":true,"href":"https:\/\/blogy.chlebiq.eu\/vlakem\/wp-json\/wp\/v2\/users\/1"}],"replies":[{"embeddable":true,"href":"https:\/\/blogy.chlebiq.eu\/vlakem\/wp-json\/wp\/v2\/comments?post=1682"}],"version-history":[{"count":3,"href":"https:\/\/blogy.chlebiq.eu\/vlakem\/wp-json\/wp\/v2\/posts\/1682\/revisions"}],"predecessor-version":[{"id":1708,"href":"https:\/\/blogy.chlebiq.eu\/vlakem\/wp-json\/wp\/v2\/posts\/1682\/revisions\/1708"}],"wp:attachment":[{"href":"https:\/\/blogy.chlebiq.eu\/vlakem\/wp-json\/wp\/v2\/media?parent=1682"}],"wp:term":[{"taxonomy":"category","embeddable":true,"href":"https:\/\/blogy.chlebiq.eu\/vlakem\/wp-json\/wp\/v2\/categories?post=1682"},{"taxonomy":"post_tag","embeddable":true,"href":"https:\/\/blogy.chlebiq.eu\/vlakem\/wp-json\/wp\/v2\/tags?post=1682"}],"curies":[{"name":"wp","href":"https:\/\/api.w.org\/{rel}","templated":true}]}}