{"id":1513,"date":"2022-10-13T16:05:32","date_gmt":"2022-10-13T14:05:32","guid":{"rendered":"https:\/\/vlakem.chlebiq.eu\/absurdni-nejistota\/"},"modified":"2022-10-13T16:05:32","modified_gmt":"2022-10-13T14:05:32","slug":"absurdni-nejistota","status":"publish","type":"post","link":"https:\/\/blogy.chlebiq.eu\/vlakem\/absurdni-nejistota\/","title":{"rendered":"Absurdn\u00ed nejistota"},"content":{"rendered":"\n<p>Kdy\u017e nad t\u00edm tak p\u0159em\u00fd\u0161l\u00edm, zat\u00edmco sleduju odpoledn\u00ed ruch na jednom n\u00e1m\u011bst\u00ed v Dijonu, je to trochu nejistota, kdy\u017e nev\u00edm, co se z\u00edtra dozv\u00edm v Barcelon\u011b ohledn\u011b p\u0159esunu do Madridu. Moment\u00e1ln\u011b jsem od domova n\u011bjak\u00fdch 900 kilometr\u016f a z Barcelony to bude o n\u011bjak\u00fdch 800 kilometr\u016f v\u00edc. Stejn\u011b tak nev\u00edm, jak snadn\u00e9 bude dostat se zp\u00e1tky do Francie. Jen\u017ee po\u0159\u00e1d m\u011b m\u016f\u017ee uklid\u0148ovat bl\u00edzkost leti\u0161\u0165 a letadlem se m\u016f\u017eu p\u0159epravit n\u011bkam, odkud u\u017e dom\u016f dojedu vlakem, pokud nepolet\u00edm rovnou do Prahy. Za necel\u00e9 dva tis\u00edce m\u016f\u017eu let\u011bt prakticky bez omezen\u00ed, tak\u017ee po\u0159\u00e1d nebudu ani na cen\u011b t\u00e9 m\u00edstenky, kterou jsem Francouz\u016fm odm\u00edtl zaplatit. To je vlastn\u011b absurdn\u00ed zji\u0161t\u011bn\u00ed. <\/p>\n","protected":false},"excerpt":{"rendered":"<p>Kdy\u017e nad t\u00edm tak p\u0159em\u00fd\u0161l\u00edm, zat\u00edmco sleduju odpoledn\u00ed ruch na jednom n\u00e1m\u011bst\u00ed v Dijonu, je to trochu nejistota, kdy\u017e nev\u00edm, co se z\u00edtra dozv\u00edm v Barcelon\u011b ohledn\u011b p\u0159esunu do Madridu. Moment\u00e1ln\u011b jsem od domova n\u011bjak\u00fdch 900 kilometr\u016f a z Barcelony to bude o n\u011bjak\u00fdch 800 kilometr\u016f v\u00edc. Stejn\u011b tak nev\u00edm, jak snadn\u00e9 bude dostat se &#8230; <a title=\"Absurdn\u00ed nejistota\" class=\"read-more\" href=\"https:\/\/blogy.chlebiq.eu\/vlakem\/absurdni-nejistota\/\">Read more<span class=\"screen-reader-text\">Absurdn\u00ed nejistota<\/span><\/a><\/p>\n","protected":false},"author":1,"featured_media":0,"comment_status":"","ping_status":"open","sticky":false,"template":"","format":"standard","meta":{"_jetpack_memberships_contains_paid_content":false,"footnotes":""},"categories":[1],"tags":[],"class_list":["post-1513","post","type-post","status-publish","format-standard","hentry","category-nezarazene"],"jetpack_featured_media_url":"","jetpack_sharing_enabled":true,"_links":{"self":[{"href":"https:\/\/blogy.chlebiq.eu\/vlakem\/wp-json\/wp\/v2\/posts\/1513","targetHints":{"allow":["GET"]}}],"collection":[{"href":"https:\/\/blogy.chlebiq.eu\/vlakem\/wp-json\/wp\/v2\/posts"}],"about":[{"href":"https:\/\/blogy.chlebiq.eu\/vlakem\/wp-json\/wp\/v2\/types\/post"}],"author":[{"embeddable":true,"href":"https:\/\/blogy.chlebiq.eu\/vlakem\/wp-json\/wp\/v2\/users\/1"}],"replies":[{"embeddable":true,"href":"https:\/\/blogy.chlebiq.eu\/vlakem\/wp-json\/wp\/v2\/comments?post=1513"}],"version-history":[{"count":0,"href":"https:\/\/blogy.chlebiq.eu\/vlakem\/wp-json\/wp\/v2\/posts\/1513\/revisions"}],"wp:attachment":[{"href":"https:\/\/blogy.chlebiq.eu\/vlakem\/wp-json\/wp\/v2\/media?parent=1513"}],"wp:term":[{"taxonomy":"category","embeddable":true,"href":"https:\/\/blogy.chlebiq.eu\/vlakem\/wp-json\/wp\/v2\/categories?post=1513"},{"taxonomy":"post_tag","embeddable":true,"href":"https:\/\/blogy.chlebiq.eu\/vlakem\/wp-json\/wp\/v2\/tags?post=1513"}],"curies":[{"name":"wp","href":"https:\/\/api.w.org\/{rel}","templated":true}]}}