{"id":1501,"date":"2022-10-12T21:29:30","date_gmt":"2022-10-12T19:29:30","guid":{"rendered":"https:\/\/vlakem.chlebiq.eu\/?p=1501"},"modified":"2022-10-12T21:29:31","modified_gmt":"2022-10-12T19:29:31","slug":"bydleni-pro-dva","status":"publish","type":"post","link":"https:\/\/blogy.chlebiq.eu\/vlakem\/bydleni-pro-dva\/","title":{"rendered":"Bydlen\u00ed pro dva"},"content":{"rendered":"\n<p>Tak\u00e9 ubytov\u00e1n\u00ed, ke kter\u00e9mu jsem se dopracoval tentokr\u00e1t, je pro dva. Je to jako na houpa\u010dce &#8211; jednu noc sp\u00ed\u0161 ve vlaku nebo nesp\u00ed\u0161 v\u016fbec, dal\u0161\u00ed si u\u017e\u00edv\u00e1\u0161 luxusu. Tedy on to \u017e\u00e1dn\u00fd luxus nen\u00ed, ale v pokoji je prostoru habad\u011bj a m\u00e1m i vlastn\u00ed koupelnu. Jen jsem m\u011bl p\u0159i cest\u011b z centra a\u017e kamsi za humna pocit, jako by ten hotel byl a\u017e v jin\u00e9m m\u011bst\u011b. Ke v\u0161emu se do m\u011b dal hlad, vlastn\u00ed bratr m\u00e9 nevrlosti, v\u00fd\u010ditky, \u017ee jsem je\u0161t\u011b nezavolal lidem, kter\u00fdm jsem sl\u00edbil zavolat, a v\u011b\u010dn\u00e1 hloupost Map od Seznamu, kter\u00e9 m\u011b v\u017edycky bezpe\u010dn\u011b zavedou tam, kam jsem rozhodn\u011b j\u00edt nem\u011bl. P\u016fvodn\u011b jsem se t\u011b\u0161il, \u017ee odhod\u00edm batoh, p\u016fjdu se proj\u00edt po ve\u010dern\u00edm Dijonu a d\u00e1m si n\u011bco dobr\u00e9ho k j\u00eddlu a pit\u00ed (v\u0161ak jsem v Burgundsku!), ale je\u0161t\u011b jsem byl r\u00e1d, \u017ee jsem cestou na\u0161el Aldi a mohl si n\u011bco koupit tam. Na recepci jsem si musel p\u016fj\u010dit v\u00fdvrtku (to v\u00edno stejn\u011b ani n\u00e1hodou nevypiju ani do t\u0159etiny) a objednal jsem se na sn\u00eddani, proto\u017ee za t\u011bch necel\u00fdch sedm eur to prost\u011b mus\u00edm zkusit. 30 dosa\u017een\u00fdch dn\u00ed si zaslou\u017e\u00ed velkolep\u00fd nov\u00fd za\u010d\u00e1tek.<\/p>\n","protected":false},"excerpt":{"rendered":"<p>Tak\u00e9 ubytov\u00e1n\u00ed, ke kter\u00e9mu jsem se dopracoval tentokr\u00e1t, je pro dva. Je to jako na houpa\u010dce &#8211; jednu noc sp\u00ed\u0161 ve vlaku nebo nesp\u00ed\u0161 v\u016fbec, dal\u0161\u00ed si u\u017e\u00edv\u00e1\u0161 luxusu. Tedy on to \u017e\u00e1dn\u00fd luxus nen\u00ed, ale v pokoji je prostoru habad\u011bj a m\u00e1m i vlastn\u00ed koupelnu. Jen jsem m\u011bl p\u0159i cest\u011b z centra a\u017e kamsi &#8230; <a title=\"Bydlen\u00ed pro dva\" class=\"read-more\" href=\"https:\/\/blogy.chlebiq.eu\/vlakem\/bydleni-pro-dva\/\">Read more<span class=\"screen-reader-text\">Bydlen\u00ed pro dva<\/span><\/a><\/p>\n","protected":false},"author":1,"featured_media":0,"comment_status":"closed","ping_status":"open","sticky":false,"template":"","format":"standard","meta":{"_jetpack_memberships_contains_paid_content":false,"footnotes":""},"categories":[1],"tags":[],"class_list":["post-1501","post","type-post","status-publish","format-standard","hentry","category-nezarazene"],"jetpack_featured_media_url":"","jetpack_sharing_enabled":true,"_links":{"self":[{"href":"https:\/\/blogy.chlebiq.eu\/vlakem\/wp-json\/wp\/v2\/posts\/1501","targetHints":{"allow":["GET"]}}],"collection":[{"href":"https:\/\/blogy.chlebiq.eu\/vlakem\/wp-json\/wp\/v2\/posts"}],"about":[{"href":"https:\/\/blogy.chlebiq.eu\/vlakem\/wp-json\/wp\/v2\/types\/post"}],"author":[{"embeddable":true,"href":"https:\/\/blogy.chlebiq.eu\/vlakem\/wp-json\/wp\/v2\/users\/1"}],"replies":[{"embeddable":true,"href":"https:\/\/blogy.chlebiq.eu\/vlakem\/wp-json\/wp\/v2\/comments?post=1501"}],"version-history":[{"count":1,"href":"https:\/\/blogy.chlebiq.eu\/vlakem\/wp-json\/wp\/v2\/posts\/1501\/revisions"}],"predecessor-version":[{"id":1502,"href":"https:\/\/blogy.chlebiq.eu\/vlakem\/wp-json\/wp\/v2\/posts\/1501\/revisions\/1502"}],"wp:attachment":[{"href":"https:\/\/blogy.chlebiq.eu\/vlakem\/wp-json\/wp\/v2\/media?parent=1501"}],"wp:term":[{"taxonomy":"category","embeddable":true,"href":"https:\/\/blogy.chlebiq.eu\/vlakem\/wp-json\/wp\/v2\/categories?post=1501"},{"taxonomy":"post_tag","embeddable":true,"href":"https:\/\/blogy.chlebiq.eu\/vlakem\/wp-json\/wp\/v2\/tags?post=1501"}],"curies":[{"name":"wp","href":"https:\/\/api.w.org\/{rel}","templated":true}]}}