{"id":1499,"date":"2022-10-12T21:13:56","date_gmt":"2022-10-12T19:13:56","guid":{"rendered":"https:\/\/vlakem.chlebiq.eu\/?p=1499"},"modified":"2022-10-12T21:13:57","modified_gmt":"2022-10-12T19:13:57","slug":"tri-kluci","status":"publish","type":"post","link":"https:\/\/blogy.chlebiq.eu\/vlakem\/tri-kluci\/","title":{"rendered":"T\u0159i kluci"},"content":{"rendered":"\n<p>\u0160el jsem od n\u00e1dra\u017e\u00ed a hledal hotel (nebo co to vlastn\u011b je) a na jednom se zastavil, abych si ten v\u00fdjev vyfotil. N\u011bjac\u00ed kluci asijsk\u00e9ho vzez\u0159en\u00ed, asi tak t\u0159in\u00e1ctilet\u00ed, mi za\u010dali n\u011bco pov\u00eddat. &#8222;Pros\u00edm?&#8220; op\u00e1\u010dil jsem anglicky, na\u010de\u017e ten, co byl nejv\u00fdmluvn\u011bj\u0161\u00ed, za\u010dal hodn\u011b zpotvo\u0159enou angli\u010dtinou \u0159\u00edkat, \u017ee Dijon je kr\u00e1sn\u00e9 m\u011bsto, a pt\u00e1t se, co si o n\u011bm mysl\u00edm. \u0158ekl jsem, \u017ee to nem\u016f\u017eu posoudit, \u017ee jsem p\u0159ijel p\u0159ed deseti minutami. Angli\u010dtina v\u0161ech t\u0159\u00ed m\u011bla velmi silnou francouzskou p\u0159\u00edchu\u0165, dokonce bych \u0159ekl, \u017ee to po\u0159\u00e1d byla v\u00edc francouz\u0161tina ne\u017e angli\u010dtina. P\u0159em\u00fd\u0161lel jsem, jestli si m\u011b vybrali jako ter\u010d recese, mysl\u00ed to opravdu up\u0159\u00edmn\u011b, nebo jsou prost\u0161\u00ed, proto\u017ee mi to \u00fapln\u011b nesed\u011blo. Ale s\u00e1m jsem se taky vyznamenal, kdy\u017e jsem tomu mluv\u010d\u00edmu \u0159ekl, \u017ee kdy\u017e mi d\u00e1 \u010d\u00edslo, m\u016f\u017eu mu z\u00edtra napsat, jestli se mi Dijon l\u00edb\u00ed. Za chv\u00edli zpoza rohu zahoukalo policejn\u00ed auto&#8230; <\/p>\n","protected":false},"excerpt":{"rendered":"<p>\u0160el jsem od n\u00e1dra\u017e\u00ed a hledal hotel (nebo co to vlastn\u011b je) a na jednom se zastavil, abych si ten v\u00fdjev vyfotil. N\u011bjac\u00ed kluci asijsk\u00e9ho vzez\u0159en\u00ed, asi tak t\u0159in\u00e1ctilet\u00ed, mi za\u010dali n\u011bco pov\u00eddat. &#8222;Pros\u00edm?&#8220; op\u00e1\u010dil jsem anglicky, na\u010de\u017e ten, co byl nejv\u00fdmluvn\u011bj\u0161\u00ed, za\u010dal hodn\u011b zpotvo\u0159enou angli\u010dtinou \u0159\u00edkat, \u017ee Dijon je kr\u00e1sn\u00e9 m\u011bsto, a pt\u00e1t se, &#8230; <a title=\"T\u0159i kluci\" class=\"read-more\" href=\"https:\/\/blogy.chlebiq.eu\/vlakem\/tri-kluci\/\">Read more<span class=\"screen-reader-text\">T\u0159i kluci<\/span><\/a><\/p>\n","protected":false},"author":1,"featured_media":0,"comment_status":"closed","ping_status":"open","sticky":false,"template":"","format":"standard","meta":{"_jetpack_memberships_contains_paid_content":false,"footnotes":""},"categories":[1],"tags":[],"class_list":["post-1499","post","type-post","status-publish","format-standard","hentry","category-nezarazene"],"jetpack_featured_media_url":"","jetpack_sharing_enabled":true,"_links":{"self":[{"href":"https:\/\/blogy.chlebiq.eu\/vlakem\/wp-json\/wp\/v2\/posts\/1499","targetHints":{"allow":["GET"]}}],"collection":[{"href":"https:\/\/blogy.chlebiq.eu\/vlakem\/wp-json\/wp\/v2\/posts"}],"about":[{"href":"https:\/\/blogy.chlebiq.eu\/vlakem\/wp-json\/wp\/v2\/types\/post"}],"author":[{"embeddable":true,"href":"https:\/\/blogy.chlebiq.eu\/vlakem\/wp-json\/wp\/v2\/users\/1"}],"replies":[{"embeddable":true,"href":"https:\/\/blogy.chlebiq.eu\/vlakem\/wp-json\/wp\/v2\/comments?post=1499"}],"version-history":[{"count":1,"href":"https:\/\/blogy.chlebiq.eu\/vlakem\/wp-json\/wp\/v2\/posts\/1499\/revisions"}],"predecessor-version":[{"id":1500,"href":"https:\/\/blogy.chlebiq.eu\/vlakem\/wp-json\/wp\/v2\/posts\/1499\/revisions\/1500"}],"wp:attachment":[{"href":"https:\/\/blogy.chlebiq.eu\/vlakem\/wp-json\/wp\/v2\/media?parent=1499"}],"wp:term":[{"taxonomy":"category","embeddable":true,"href":"https:\/\/blogy.chlebiq.eu\/vlakem\/wp-json\/wp\/v2\/categories?post=1499"},{"taxonomy":"post_tag","embeddable":true,"href":"https:\/\/blogy.chlebiq.eu\/vlakem\/wp-json\/wp\/v2\/tags?post=1499"}],"curies":[{"name":"wp","href":"https:\/\/api.w.org\/{rel}","templated":true}]}}