{"id":1473,"date":"2022-10-12T05:09:26","date_gmt":"2022-10-12T03:09:26","guid":{"rendered":"https:\/\/vlakem.chlebiq.eu\/spaci\/"},"modified":"2022-10-12T05:09:26","modified_gmt":"2022-10-12T03:09:26","slug":"spaci","status":"publish","type":"post","link":"https:\/\/blogy.chlebiq.eu\/vlakem\/spaci\/","title":{"rendered":"Sp\u00e1\u010di"},"content":{"rendered":"\n<p>Vlak z Hamburku do Curychu, kter\u00fd te\u010f m\u00e1m tu \u010dest asi t\u0159i \u010dtvrt\u011b hodiny sd\u00edlet a kter\u00fd z Mannheimu vyjel s 15minutov\u00fdm zpo\u017ed\u011bn\u00edm, d\u00e1v\u00e1 za pravdu m\u00fdm \u00fapln\u011b prvn\u00edm \u00favah\u00e1m, \u017ee se d\u00e1 ve vlac\u00edch nocovat. Soud\u011b podle moment\u00e1ln\u00edho slo\u017een\u00ed a stavu cestuj\u00edc\u00edch na to p\u0159i\u0161li mnoz\u00ed. V\u011bt\u0161ina osazenstva posp\u00e1v\u00e1, n\u011bkte\u0159\u00ed vsed\u011b, jin\u00ed se ne\u017ein\u00fdruj\u00ed, sundali si boty a lehli si nap\u0159\u00ed\u010d dvojsedadly. Vlaky jsou pohodln\u00e9 a snad i bezpe\u010dn\u00e9, maj\u00ed z\u00e1suvky, je v nich jak\u017e tak\u017e teplo (n\u011bkdy to v\u0161ak \u00fapln\u011b neplat\u00ed) a t\u0159eba tenhle jede celkem asi 900 kilometr\u016f. To u\u017e je dost dlouh\u00e1 doba na to, aby se v n\u011bm dalo usnout. Nav\u00edc nikde v N\u011bmecku nen\u00ed t\u0159eba p\u0159ikupovat m\u00edstenky. No jo, jen\u017ee to by jednomu muselo sta\u010dit k cestov\u00e1n\u00ed N\u011bmecko a p\u0159ilehl\u00e9 oblasti. M\u00e1 to jen jednu nev\u00fdhodu: po\u0159\u00e1d tady sv\u00edt\u00ed. <\/p>\n","protected":false},"excerpt":{"rendered":"<p>Vlak z Hamburku do Curychu, kter\u00fd te\u010f m\u00e1m tu \u010dest asi t\u0159i \u010dtvrt\u011b hodiny sd\u00edlet a kter\u00fd z Mannheimu vyjel s 15minutov\u00fdm zpo\u017ed\u011bn\u00edm, d\u00e1v\u00e1 za pravdu m\u00fdm \u00fapln\u011b prvn\u00edm \u00favah\u00e1m, \u017ee se d\u00e1 ve vlac\u00edch nocovat. Soud\u011b podle moment\u00e1ln\u00edho slo\u017een\u00ed a stavu cestuj\u00edc\u00edch na to p\u0159i\u0161li mnoz\u00ed. V\u011bt\u0161ina osazenstva posp\u00e1v\u00e1, n\u011bkte\u0159\u00ed vsed\u011b, jin\u00ed se ne\u017ein\u00fdruj\u00ed, &#8230; <a title=\"Sp\u00e1\u010di\" class=\"read-more\" href=\"https:\/\/blogy.chlebiq.eu\/vlakem\/spaci\/\">Read more<span class=\"screen-reader-text\">Sp\u00e1\u010di<\/span><\/a><\/p>\n","protected":false},"author":1,"featured_media":0,"comment_status":"","ping_status":"open","sticky":false,"template":"","format":"standard","meta":{"_jetpack_memberships_contains_paid_content":false,"footnotes":""},"categories":[1],"tags":[],"class_list":["post-1473","post","type-post","status-publish","format-standard","hentry","category-nezarazene"],"jetpack_featured_media_url":"","jetpack_sharing_enabled":true,"_links":{"self":[{"href":"https:\/\/blogy.chlebiq.eu\/vlakem\/wp-json\/wp\/v2\/posts\/1473","targetHints":{"allow":["GET"]}}],"collection":[{"href":"https:\/\/blogy.chlebiq.eu\/vlakem\/wp-json\/wp\/v2\/posts"}],"about":[{"href":"https:\/\/blogy.chlebiq.eu\/vlakem\/wp-json\/wp\/v2\/types\/post"}],"author":[{"embeddable":true,"href":"https:\/\/blogy.chlebiq.eu\/vlakem\/wp-json\/wp\/v2\/users\/1"}],"replies":[{"embeddable":true,"href":"https:\/\/blogy.chlebiq.eu\/vlakem\/wp-json\/wp\/v2\/comments?post=1473"}],"version-history":[{"count":0,"href":"https:\/\/blogy.chlebiq.eu\/vlakem\/wp-json\/wp\/v2\/posts\/1473\/revisions"}],"wp:attachment":[{"href":"https:\/\/blogy.chlebiq.eu\/vlakem\/wp-json\/wp\/v2\/media?parent=1473"}],"wp:term":[{"taxonomy":"category","embeddable":true,"href":"https:\/\/blogy.chlebiq.eu\/vlakem\/wp-json\/wp\/v2\/categories?post=1473"},{"taxonomy":"post_tag","embeddable":true,"href":"https:\/\/blogy.chlebiq.eu\/vlakem\/wp-json\/wp\/v2\/tags?post=1473"}],"curies":[{"name":"wp","href":"https:\/\/api.w.org\/{rel}","templated":true}]}}