{"id":1450,"date":"2022-10-11T12:29:41","date_gmt":"2022-10-11T10:29:41","guid":{"rendered":"https:\/\/vlakem.chlebiq.eu\/?p=1450"},"modified":"2022-10-11T12:29:43","modified_gmt":"2022-10-11T10:29:43","slug":"do-ceskych-velenic","status":"publish","type":"post","link":"https:\/\/blogy.chlebiq.eu\/vlakem\/do-ceskych-velenic\/","title":{"rendered":"Do \u010cesk\u00fdch Velenic"},"content":{"rendered":"\n<p>Takhle je to fajn. Vlak sice pamatuje Franze Josefa, tak\u017ee nem\u00e1 z\u00e1suvky, ale je v n\u011bm teplo, kdyby tu n\u011bkdo byl (kup\u00e9 ob\u00fdv\u00e1m s\u00e1m a ve vagonu je p\u00e1r lid\u00ed), v\u0161ichni kolem m\u011b by mluvili \u010desky, cesta ub\u00edh\u00e1, z\u00e1chod je \u010dist\u00fd a zat\u00edm m\u011b nem\u00e1 co stresovat, tak\u017ee s notebookem na kl\u00edn\u011b spokojen\u011b oddychuju, pracuju a sem tam pozoruju okoln\u00ed krajinu. Ta je mimochodem podzimem kr\u00e1sn\u011b nal\u00ed\u010den\u00e1, tak\u017ee m\u00e1 okouzluj\u00edc\u00ed p\u016fvab a l\u00e1k\u00e1 k proch\u00e1zk\u00e1m. A\u017e si \u0159\u00edk\u00e1m, \u017ee vyrazit vlakem nebyl \u0161patn\u00fd n\u00e1pad. Jen\u017ee pak kouknu do aplikace a vid\u00edm, \u017ee z Gm\u00fcndu do Pa\u0159\u00ed\u017ee m\u011b \u010dek\u00e1 sedm vlak\u016f a \u0161est p\u0159estup\u016f a trochu m\u011b ta romantick\u00e1 n\u00e1lada p\u0159ech\u00e1z\u00ed. N\u00e1sleduj\u00edc\u00ed noc, kl\u00ed\u010dov\u00e1 pro posledn\u00ed d\u011bjstv\u00ed, bude logisticky n\u00e1ro\u010dn\u00e1!<\/p>\n","protected":false},"excerpt":{"rendered":"<p>Takhle je to fajn. Vlak sice pamatuje Franze Josefa, tak\u017ee nem\u00e1 z\u00e1suvky, ale je v n\u011bm teplo, kdyby tu n\u011bkdo byl (kup\u00e9 ob\u00fdv\u00e1m s\u00e1m a ve vagonu je p\u00e1r lid\u00ed), v\u0161ichni kolem m\u011b by mluvili \u010desky, cesta ub\u00edh\u00e1, z\u00e1chod je \u010dist\u00fd a zat\u00edm m\u011b nem\u00e1 co stresovat, tak\u017ee s notebookem na kl\u00edn\u011b spokojen\u011b oddychuju, pracuju &#8230; <a title=\"Do \u010cesk\u00fdch Velenic\" class=\"read-more\" href=\"https:\/\/blogy.chlebiq.eu\/vlakem\/do-ceskych-velenic\/\">Read more<span class=\"screen-reader-text\">Do \u010cesk\u00fdch Velenic<\/span><\/a><\/p>\n","protected":false},"author":1,"featured_media":0,"comment_status":"closed","ping_status":"open","sticky":false,"template":"","format":"standard","meta":{"_jetpack_memberships_contains_paid_content":false,"footnotes":""},"categories":[1],"tags":[],"class_list":["post-1450","post","type-post","status-publish","format-standard","hentry","category-nezarazene"],"jetpack_featured_media_url":"","jetpack_sharing_enabled":true,"_links":{"self":[{"href":"https:\/\/blogy.chlebiq.eu\/vlakem\/wp-json\/wp\/v2\/posts\/1450","targetHints":{"allow":["GET"]}}],"collection":[{"href":"https:\/\/blogy.chlebiq.eu\/vlakem\/wp-json\/wp\/v2\/posts"}],"about":[{"href":"https:\/\/blogy.chlebiq.eu\/vlakem\/wp-json\/wp\/v2\/types\/post"}],"author":[{"embeddable":true,"href":"https:\/\/blogy.chlebiq.eu\/vlakem\/wp-json\/wp\/v2\/users\/1"}],"replies":[{"embeddable":true,"href":"https:\/\/blogy.chlebiq.eu\/vlakem\/wp-json\/wp\/v2\/comments?post=1450"}],"version-history":[{"count":1,"href":"https:\/\/blogy.chlebiq.eu\/vlakem\/wp-json\/wp\/v2\/posts\/1450\/revisions"}],"predecessor-version":[{"id":1451,"href":"https:\/\/blogy.chlebiq.eu\/vlakem\/wp-json\/wp\/v2\/posts\/1450\/revisions\/1451"}],"wp:attachment":[{"href":"https:\/\/blogy.chlebiq.eu\/vlakem\/wp-json\/wp\/v2\/media?parent=1450"}],"wp:term":[{"taxonomy":"category","embeddable":true,"href":"https:\/\/blogy.chlebiq.eu\/vlakem\/wp-json\/wp\/v2\/categories?post=1450"},{"taxonomy":"post_tag","embeddable":true,"href":"https:\/\/blogy.chlebiq.eu\/vlakem\/wp-json\/wp\/v2\/tags?post=1450"}],"curies":[{"name":"wp","href":"https:\/\/api.w.org\/{rel}","templated":true}]}}