{"id":1448,"date":"2022-10-11T10:48:33","date_gmt":"2022-10-11T08:48:33","guid":{"rendered":"https:\/\/vlakem.chlebiq.eu\/revnice\/"},"modified":"2022-10-11T10:48:33","modified_gmt":"2022-10-11T08:48:33","slug":"revnice","status":"publish","type":"post","link":"https:\/\/blogy.chlebiq.eu\/vlakem\/revnice\/","title":{"rendered":"\u0158evnice"},"content":{"rendered":"\n<p>Bez ohledu na pochybnosti vyr\u00e1\u017e\u00edm (v\u010das) vlakem ze \u0158evnic. Je po p\u016fl jeden\u00e1ct\u00e9 a venku je snad je\u0161t\u011b sychrav\u011bji ne\u017e p\u0159i rann\u00edm rozj\u00edm\u00e1n\u00ed. Oby\u010dejn\u00fd vlak, kter\u00fdm b\u011b\u017en\u011b jezd\u00edm do Prahy, dnes nen\u00ed tak \u00fapln\u011b oby\u010dejn\u00fd, proto\u017ee m\u011b vytrh\u00e1v\u00e1 z m\u00e9ho ka\u017edodenn\u00edho \u017eivota. M\u00e1m p\u0159ed sebou nejm\u00e9n\u011b dva a p\u016fl tis\u00edce kilometr\u016f, ne\u017e se zase za\u010dnu vracet. Ale taky spoustu vlak\u016f, lid\u00ed, p\u0159estup\u016f, n\u00e1dra\u017e\u00ed, n\u00e1stupi\u0161\u0165 a z\u00e1\u017eitk\u016f. V tuhle chv\u00edli je\u0161t\u011b nev\u00edm, jestli pojedu rovnou do Madridu, nebo se po cest\u011b stav\u00edm v Lond\u00fdn\u011b, anebo jestli zkus\u00edm Lond\u00fdn aspo\u0148 protnout cestou zp\u00e1tky. Hlavn\u00ed je dostat se b\u011bhem dne\u0161ka do N\u011bmecka, kde m\u00e1m aspo\u0148 jakous takous jistotu no\u010dn\u00edch vlak\u016f a otev\u0159en\u00fdch velk\u00fdch n\u00e1dra\u017e\u00ed,a z\u00edtra r\u00e1no dob\u00fdt Pa\u0159\u00ed\u017e, a\u0165 u\u017e na kr\u00e1tkou n\u00e1v\u0161t\u011bvu, nebo coby p\u0159estupn\u00ed stanici. A tam se rozhodnu. <\/p>\n","protected":false},"excerpt":{"rendered":"<p>Bez ohledu na pochybnosti vyr\u00e1\u017e\u00edm (v\u010das) vlakem ze \u0158evnic. Je po p\u016fl jeden\u00e1ct\u00e9 a venku je snad je\u0161t\u011b sychrav\u011bji ne\u017e p\u0159i rann\u00edm rozj\u00edm\u00e1n\u00ed. Oby\u010dejn\u00fd vlak, kter\u00fdm b\u011b\u017en\u011b jezd\u00edm do Prahy, dnes nen\u00ed tak \u00fapln\u011b oby\u010dejn\u00fd, proto\u017ee m\u011b vytrh\u00e1v\u00e1 z m\u00e9ho ka\u017edodenn\u00edho \u017eivota. M\u00e1m p\u0159ed sebou nejm\u00e9n\u011b dva a p\u016fl tis\u00edce kilometr\u016f, ne\u017e se zase za\u010dnu &#8230; <a title=\"\u0158evnice\" class=\"read-more\" href=\"https:\/\/blogy.chlebiq.eu\/vlakem\/revnice\/\">Read more<span class=\"screen-reader-text\">\u0158evnice<\/span><\/a><\/p>\n","protected":false},"author":1,"featured_media":0,"comment_status":"","ping_status":"open","sticky":false,"template":"","format":"standard","meta":{"_jetpack_memberships_contains_paid_content":false,"footnotes":""},"categories":[1],"tags":[],"class_list":["post-1448","post","type-post","status-publish","format-standard","hentry","category-nezarazene"],"jetpack_featured_media_url":"","jetpack_sharing_enabled":true,"_links":{"self":[{"href":"https:\/\/blogy.chlebiq.eu\/vlakem\/wp-json\/wp\/v2\/posts\/1448","targetHints":{"allow":["GET"]}}],"collection":[{"href":"https:\/\/blogy.chlebiq.eu\/vlakem\/wp-json\/wp\/v2\/posts"}],"about":[{"href":"https:\/\/blogy.chlebiq.eu\/vlakem\/wp-json\/wp\/v2\/types\/post"}],"author":[{"embeddable":true,"href":"https:\/\/blogy.chlebiq.eu\/vlakem\/wp-json\/wp\/v2\/users\/1"}],"replies":[{"embeddable":true,"href":"https:\/\/blogy.chlebiq.eu\/vlakem\/wp-json\/wp\/v2\/comments?post=1448"}],"version-history":[{"count":0,"href":"https:\/\/blogy.chlebiq.eu\/vlakem\/wp-json\/wp\/v2\/posts\/1448\/revisions"}],"wp:attachment":[{"href":"https:\/\/blogy.chlebiq.eu\/vlakem\/wp-json\/wp\/v2\/media?parent=1448"}],"wp:term":[{"taxonomy":"category","embeddable":true,"href":"https:\/\/blogy.chlebiq.eu\/vlakem\/wp-json\/wp\/v2\/categories?post=1448"},{"taxonomy":"post_tag","embeddable":true,"href":"https:\/\/blogy.chlebiq.eu\/vlakem\/wp-json\/wp\/v2\/tags?post=1448"}],"curies":[{"name":"wp","href":"https:\/\/api.w.org\/{rel}","templated":true}]}}