{"id":1438,"date":"2022-10-10T12:43:19","date_gmt":"2022-10-10T10:43:19","guid":{"rendered":"https:\/\/vlakem.chlebiq.eu\/?p=1438"},"modified":"2022-10-10T12:43:20","modified_gmt":"2022-10-10T10:43:20","slug":"shrnuti-28-dne","status":"publish","type":"post","link":"https:\/\/blogy.chlebiq.eu\/vlakem\/shrnuti-28-dne\/","title":{"rendered":"Shrnut\u00ed 28. dne"},"content":{"rendered":"\n<p>Ne \u017ee by m\u011b nebavilo v\u011bnovat se statistik\u00e1m, ale aplikace Interrailu m\u00e1 sv\u00e9 mouchy a odm\u00edt\u00e1 generovat cestu, pokud ve stejnou chv\u00edli n\u011bjak\u00e1 prob\u00edh\u00e1. Jedni \u017eelezni\u010d\u00e1\u0159i jaksi nepo\u010d\u00edtali s t\u00edm, \u017ee by jin\u00ed \u017eelezni\u010d\u00e1\u0159i mohli n\u011bkdy n\u011bkam dorazit d\u0159\u00edv. Jen\u017ee 28. den byl na v\u010dasn\u00e9 p\u0159\u00edjezdy a rychlej\u0161\u00ed odjezdy, ne\u017e bylo v pl\u00e1nu, pln\u00fd, a tak jsem nebyl schopn\u00fd spo\u010d\u00edtat, kolik jsem vlastn\u011b najel kilometr\u016f. Kone\u010dn\u011b jsem to p\u0159epl\u00e1noval a vypad\u00e1 to, \u017ee trasa z \u0158\u00edma do Schwandorfu m\u011b\u0159ila 994 kilometr\u016f, co\u017e u\u017e jak\u017e tak\u017e realit\u011b odpov\u00edd\u00e1. Autobusem mezi Schwandorfem a Plzn\u00ed jsem najel 131 kilometr\u016f a vlak po \u010cech\u00e1ch tradi\u010dn\u011b nepo\u010d\u00edt\u00e1m. Na kroky byl 28. den m\u00fdch cest skromn\u00fd, v\u0161ak po z\u00e1chodech toho ve vlac\u00edch zase tolik nenachod\u00edm. \u010c\u00edslo je 3855.<\/p>\n","protected":false},"excerpt":{"rendered":"<p>Ne \u017ee by m\u011b nebavilo v\u011bnovat se statistik\u00e1m, ale aplikace Interrailu m\u00e1 sv\u00e9 mouchy a odm\u00edt\u00e1 generovat cestu, pokud ve stejnou chv\u00edli n\u011bjak\u00e1 prob\u00edh\u00e1. Jedni \u017eelezni\u010d\u00e1\u0159i jaksi nepo\u010d\u00edtali s t\u00edm, \u017ee by jin\u00ed \u017eelezni\u010d\u00e1\u0159i mohli n\u011bkdy n\u011bkam dorazit d\u0159\u00edv. Jen\u017ee 28. den byl na v\u010dasn\u00e9 p\u0159\u00edjezdy a rychlej\u0161\u00ed odjezdy, ne\u017e bylo v pl\u00e1nu, pln\u00fd, a &#8230; <a title=\"Shrnut\u00ed 28. dne\" class=\"read-more\" href=\"https:\/\/blogy.chlebiq.eu\/vlakem\/shrnuti-28-dne\/\">Read more<span class=\"screen-reader-text\">Shrnut\u00ed 28. dne<\/span><\/a><\/p>\n","protected":false},"author":1,"featured_media":0,"comment_status":"closed","ping_status":"open","sticky":false,"template":"","format":"standard","meta":{"_jetpack_memberships_contains_paid_content":false,"footnotes":""},"categories":[1],"tags":[],"class_list":["post-1438","post","type-post","status-publish","format-standard","hentry","category-nezarazene"],"jetpack_featured_media_url":"","jetpack_sharing_enabled":true,"_links":{"self":[{"href":"https:\/\/blogy.chlebiq.eu\/vlakem\/wp-json\/wp\/v2\/posts\/1438","targetHints":{"allow":["GET"]}}],"collection":[{"href":"https:\/\/blogy.chlebiq.eu\/vlakem\/wp-json\/wp\/v2\/posts"}],"about":[{"href":"https:\/\/blogy.chlebiq.eu\/vlakem\/wp-json\/wp\/v2\/types\/post"}],"author":[{"embeddable":true,"href":"https:\/\/blogy.chlebiq.eu\/vlakem\/wp-json\/wp\/v2\/users\/1"}],"replies":[{"embeddable":true,"href":"https:\/\/blogy.chlebiq.eu\/vlakem\/wp-json\/wp\/v2\/comments?post=1438"}],"version-history":[{"count":1,"href":"https:\/\/blogy.chlebiq.eu\/vlakem\/wp-json\/wp\/v2\/posts\/1438\/revisions"}],"predecessor-version":[{"id":1439,"href":"https:\/\/blogy.chlebiq.eu\/vlakem\/wp-json\/wp\/v2\/posts\/1438\/revisions\/1439"}],"wp:attachment":[{"href":"https:\/\/blogy.chlebiq.eu\/vlakem\/wp-json\/wp\/v2\/media?parent=1438"}],"wp:term":[{"taxonomy":"category","embeddable":true,"href":"https:\/\/blogy.chlebiq.eu\/vlakem\/wp-json\/wp\/v2\/categories?post=1438"},{"taxonomy":"post_tag","embeddable":true,"href":"https:\/\/blogy.chlebiq.eu\/vlakem\/wp-json\/wp\/v2\/tags?post=1438"}],"curies":[{"name":"wp","href":"https:\/\/api.w.org\/{rel}","templated":true}]}}