{"id":1125,"date":"2022-09-27T11:10:28","date_gmt":"2022-09-27T09:10:28","guid":{"rendered":"https:\/\/vlakem.chlebiq.eu\/?p=1125"},"modified":"2022-09-27T11:10:30","modified_gmt":"2022-09-27T09:10:30","slug":"shrnuti-22-dne","status":"publish","type":"post","link":"https:\/\/blogy.chlebiq.eu\/vlakem\/shrnuti-22-dne\/","title":{"rendered":"Shrnut\u00ed 22. dne"},"content":{"rendered":"\n<p>Jeden z m\u00e1la pohodov\u011bj\u0161\u00edch dn\u016f. Ve vlaku jsem str\u00e1vil pouh\u00fdch 235 kilometr\u016f p\u0159ejezdem z Chorvatska do Slovinska a na dva dny zakotvil v Lublani, kterou jsem m\u011bl d\u00edky proch\u00e1zce s Majkem mo\u017enost poznat i jinak ne\u017e minule. Vypad\u00e1 to, \u017ee tu z\u016fstanu je\u0161t\u011b jeden den, ta Lubla\u0148 za dal\u0161\u00ed prohl\u00eddku zjevn\u011b stoj\u00ed. Po Z\u00e1h\u0159ebu a Lublani jsem nachodil celkem 30 675 krok\u016f.<\/p>\n","protected":false},"excerpt":{"rendered":"<p>Jeden z m\u00e1la pohodov\u011bj\u0161\u00edch dn\u016f. Ve vlaku jsem str\u00e1vil pouh\u00fdch 235 kilometr\u016f p\u0159ejezdem z Chorvatska do Slovinska a na dva dny zakotvil v Lublani, kterou jsem m\u011bl d\u00edky proch\u00e1zce s Majkem mo\u017enost poznat i jinak ne\u017e minule. Vypad\u00e1 to, \u017ee tu z\u016fstanu je\u0161t\u011b jeden den, ta Lubla\u0148 za dal\u0161\u00ed prohl\u00eddku zjevn\u011b stoj\u00ed. Po Z\u00e1h\u0159ebu a &#8230; <a title=\"Shrnut\u00ed 22. dne\" class=\"read-more\" href=\"https:\/\/blogy.chlebiq.eu\/vlakem\/shrnuti-22-dne\/\">Read more<span class=\"screen-reader-text\">Shrnut\u00ed 22. dne<\/span><\/a><\/p>\n","protected":false},"author":1,"featured_media":0,"comment_status":"closed","ping_status":"open","sticky":false,"template":"","format":"standard","meta":{"_jetpack_memberships_contains_paid_content":false,"footnotes":""},"categories":[1],"tags":[],"class_list":["post-1125","post","type-post","status-publish","format-standard","hentry","category-nezarazene"],"jetpack_featured_media_url":"","jetpack_sharing_enabled":true,"_links":{"self":[{"href":"https:\/\/blogy.chlebiq.eu\/vlakem\/wp-json\/wp\/v2\/posts\/1125","targetHints":{"allow":["GET"]}}],"collection":[{"href":"https:\/\/blogy.chlebiq.eu\/vlakem\/wp-json\/wp\/v2\/posts"}],"about":[{"href":"https:\/\/blogy.chlebiq.eu\/vlakem\/wp-json\/wp\/v2\/types\/post"}],"author":[{"embeddable":true,"href":"https:\/\/blogy.chlebiq.eu\/vlakem\/wp-json\/wp\/v2\/users\/1"}],"replies":[{"embeddable":true,"href":"https:\/\/blogy.chlebiq.eu\/vlakem\/wp-json\/wp\/v2\/comments?post=1125"}],"version-history":[{"count":1,"href":"https:\/\/blogy.chlebiq.eu\/vlakem\/wp-json\/wp\/v2\/posts\/1125\/revisions"}],"predecessor-version":[{"id":1126,"href":"https:\/\/blogy.chlebiq.eu\/vlakem\/wp-json\/wp\/v2\/posts\/1125\/revisions\/1126"}],"wp:attachment":[{"href":"https:\/\/blogy.chlebiq.eu\/vlakem\/wp-json\/wp\/v2\/media?parent=1125"}],"wp:term":[{"taxonomy":"category","embeddable":true,"href":"https:\/\/blogy.chlebiq.eu\/vlakem\/wp-json\/wp\/v2\/categories?post=1125"},{"taxonomy":"post_tag","embeddable":true,"href":"https:\/\/blogy.chlebiq.eu\/vlakem\/wp-json\/wp\/v2\/tags?post=1125"}],"curies":[{"name":"wp","href":"https:\/\/api.w.org\/{rel}","templated":true}]}}