{"id":1016,"date":"2022-09-24T14:29:39","date_gmt":"2022-09-24T12:29:39","guid":{"rendered":"https:\/\/vlakem.chlebiq.eu\/dilema\/"},"modified":"2022-09-24T14:29:39","modified_gmt":"2022-09-24T12:29:39","slug":"dilema","status":"publish","type":"post","link":"https:\/\/blogy.chlebiq.eu\/vlakem\/dilema\/","title":{"rendered":"Dilema"},"content":{"rendered":"\n<p>Jakmile se \u010dlov\u011bk vysp\u00ed a m\u00e1 pocit, \u017ee m\u016f\u017ee p\u0159en\u00e1\u0161et hory, a nav\u00edc m\u00e1 \u010das, za\u010dne m\u00edt roupy. Samoz\u0159ejm\u011b to ve vlaku do Bukure\u0161ti, kter\u00fd jel dost dlouho, abych se v n\u011bm cht\u011bl nudit pohledy na rumunsk\u00e9 roviny a toulav\u00e9 psy, postihlo i m\u011b. Za\u010dal jsem uva\u017eovat, \u017ee bych se p\u0159ece jenom vydal do Sofie. Znamenalo by to vr\u00e1tit se v noci do Craiovy, tam po\u010dkat skoro p\u011bt hodin a pak jet s jedn\u00edm p\u0159estupem v Bulharsku. Tak to zkr\u00e1tka je &#8211; Bukure\u0161\u0165 a Sofie jsou od sebe vzd\u00e1len\u00e9 jen 350 kilometr\u016f, ale cesta vlakem mezi nimi zabere asi 17 hodin. Existuje rychlej\u0161\u00ed spoj, jen s jedn\u00edm p\u0159estupem, ten jezd\u00ed jednou denn\u011b a zabere asi 9 hodin. Kdybych m\u011bl ten \u010das a roupy d\u0159\u00edv, t\u0159eba by m\u011b napadlo jet nejd\u0159\u00edve do Sofie a odtud do Bukure\u0161ti, ale moc \u010dasu bych stejn\u011b neu\u0161et\u0159il. Ale aspo\u0148 by nevypadal tak obludn\u011b j\u00edzdn\u00ed \u0159\u00e1d mezi Sofi\u00ed a Z\u00e1h\u0159ebem, kam pl\u00e1nuju jet potom, kter\u00fd ukazuje 34 hodin 32 minut. Pokud v\u0161echno pojede&#8230; <\/p>\n","protected":false},"excerpt":{"rendered":"<p>Jakmile se \u010dlov\u011bk vysp\u00ed a m\u00e1 pocit, \u017ee m\u016f\u017ee p\u0159en\u00e1\u0161et hory, a nav\u00edc m\u00e1 \u010das, za\u010dne m\u00edt roupy. Samoz\u0159ejm\u011b to ve vlaku do Bukure\u0161ti, kter\u00fd jel dost dlouho, abych se v n\u011bm cht\u011bl nudit pohledy na rumunsk\u00e9 roviny a toulav\u00e9 psy, postihlo i m\u011b. Za\u010dal jsem uva\u017eovat, \u017ee bych se p\u0159ece jenom vydal do Sofie. &#8230; <a title=\"Dilema\" class=\"read-more\" href=\"https:\/\/blogy.chlebiq.eu\/vlakem\/dilema\/\">Read more<span class=\"screen-reader-text\">Dilema<\/span><\/a><\/p>\n","protected":false},"author":1,"featured_media":0,"comment_status":"","ping_status":"open","sticky":false,"template":"","format":"standard","meta":{"_jetpack_memberships_contains_paid_content":false,"footnotes":""},"categories":[1],"tags":[],"class_list":["post-1016","post","type-post","status-publish","format-standard","hentry","category-nezarazene"],"jetpack_featured_media_url":"","jetpack_sharing_enabled":true,"_links":{"self":[{"href":"https:\/\/blogy.chlebiq.eu\/vlakem\/wp-json\/wp\/v2\/posts\/1016","targetHints":{"allow":["GET"]}}],"collection":[{"href":"https:\/\/blogy.chlebiq.eu\/vlakem\/wp-json\/wp\/v2\/posts"}],"about":[{"href":"https:\/\/blogy.chlebiq.eu\/vlakem\/wp-json\/wp\/v2\/types\/post"}],"author":[{"embeddable":true,"href":"https:\/\/blogy.chlebiq.eu\/vlakem\/wp-json\/wp\/v2\/users\/1"}],"replies":[{"embeddable":true,"href":"https:\/\/blogy.chlebiq.eu\/vlakem\/wp-json\/wp\/v2\/comments?post=1016"}],"version-history":[{"count":0,"href":"https:\/\/blogy.chlebiq.eu\/vlakem\/wp-json\/wp\/v2\/posts\/1016\/revisions"}],"wp:attachment":[{"href":"https:\/\/blogy.chlebiq.eu\/vlakem\/wp-json\/wp\/v2\/media?parent=1016"}],"wp:term":[{"taxonomy":"category","embeddable":true,"href":"https:\/\/blogy.chlebiq.eu\/vlakem\/wp-json\/wp\/v2\/categories?post=1016"},{"taxonomy":"post_tag","embeddable":true,"href":"https:\/\/blogy.chlebiq.eu\/vlakem\/wp-json\/wp\/v2\/tags?post=1016"}],"curies":[{"name":"wp","href":"https:\/\/api.w.org\/{rel}","templated":true}]}}