{"id":1015,"date":"2022-09-24T11:35:15","date_gmt":"2022-09-24T09:35:15","guid":{"rendered":"https:\/\/vlakem.chlebiq.eu\/vlak-do-bukuresti\/"},"modified":"2022-09-24T11:35:15","modified_gmt":"2022-09-24T09:35:15","slug":"vlak-do-bukuresti","status":"publish","type":"post","link":"https:\/\/blogy.chlebiq.eu\/vlakem\/vlak-do-bukuresti\/","title":{"rendered":"Vlak do Bukure\u0161ti"},"content":{"rendered":"\n<p>Z avizovan\u00e9ho 66minutov\u00e9ho zpo\u017ed\u011bn\u00ed se nakonec vyklubalo zpo\u017ed\u011bn\u00ed 86minutov\u00e9, ale t\u011bch 20 minut tady na Balk\u00e1n\u011b nehraje roli (ne \u017ee by v takov\u00e9m N\u011bmecku hr\u00e1lo). Do vlaku jsem nastoupil bez m\u00edstenky, a\u010d m\u011b aplikace varuje, \u017ee ji budu pot\u0159ebovat, ale po zku\u0161enostech ze v\u010derej\u0161ka jsem usoudil, \u017ee ani to tady snad roli hr\u00e1t nebude, a \u017ee to tedy risknu. M\u016f\u017eu se ostatn\u011b vymluvit na to, \u017ee jsem nev\u011bd\u011bl, jestli ten vlak v\u016fbec p\u0159ijede. Je n\u00e1s tu dost, ale \u00fapln\u011b plno nen\u00ed a na moje m\u00edsto se zat\u00edm nikdo netla\u010d\u00ed. <\/p>\n\n\n\n<p>Vlak vyjel u\u017e r\u00e1no ve t\u0159i \u010dtvrt\u011b na \u0161est (snad) z m\u011bsta Deva, tak\u017ee ten, kdo si odtamtud cht\u011bl ud\u011blat v\u00fdlet do hlavn\u00edho m\u011bsta, musel si p\u011bkn\u011b p\u0159ivstat. \u017d\u00e1dn\u00fd v\u00fdst\u0159elek modern\u00ed techniky to nen\u00ed, ale u\u017e je za p\u016flkou, tak snad tam tou \u0161ne\u010d\u00ed rychlost\u00ed dojede.<\/p>\n\n\n\n<figure class=\"wp-block-image size-large\"><img decoding=\"async\" src=\"https:\/\/vlakem.chlebiq.eu\/fotky\/756_rumunsko.jpg\" alt=\"\"\/><\/figure>\n","protected":false},"excerpt":{"rendered":"<p>Z avizovan\u00e9ho 66minutov\u00e9ho zpo\u017ed\u011bn\u00ed se nakonec vyklubalo zpo\u017ed\u011bn\u00ed 86minutov\u00e9, ale t\u011bch 20 minut tady na Balk\u00e1n\u011b nehraje roli (ne \u017ee by v takov\u00e9m N\u011bmecku hr\u00e1lo). Do vlaku jsem nastoupil bez m\u00edstenky, a\u010d m\u011b aplikace varuje, \u017ee ji budu pot\u0159ebovat, ale po zku\u0161enostech ze v\u010derej\u0161ka jsem usoudil, \u017ee ani to tady snad roli hr\u00e1t nebude, a &#8230; <a title=\"Vlak do Bukure\u0161ti\" class=\"read-more\" href=\"https:\/\/blogy.chlebiq.eu\/vlakem\/vlak-do-bukuresti\/\">Read more<span class=\"screen-reader-text\">Vlak do Bukure\u0161ti<\/span><\/a><\/p>\n","protected":false},"author":1,"featured_media":0,"comment_status":"","ping_status":"open","sticky":false,"template":"","format":"standard","meta":{"_jetpack_memberships_contains_paid_content":false,"footnotes":""},"categories":[1],"tags":[],"class_list":["post-1015","post","type-post","status-publish","format-standard","hentry","category-nezarazene"],"jetpack_featured_media_url":"","jetpack_sharing_enabled":true,"_links":{"self":[{"href":"https:\/\/blogy.chlebiq.eu\/vlakem\/wp-json\/wp\/v2\/posts\/1015","targetHints":{"allow":["GET"]}}],"collection":[{"href":"https:\/\/blogy.chlebiq.eu\/vlakem\/wp-json\/wp\/v2\/posts"}],"about":[{"href":"https:\/\/blogy.chlebiq.eu\/vlakem\/wp-json\/wp\/v2\/types\/post"}],"author":[{"embeddable":true,"href":"https:\/\/blogy.chlebiq.eu\/vlakem\/wp-json\/wp\/v2\/users\/1"}],"replies":[{"embeddable":true,"href":"https:\/\/blogy.chlebiq.eu\/vlakem\/wp-json\/wp\/v2\/comments?post=1015"}],"version-history":[{"count":0,"href":"https:\/\/blogy.chlebiq.eu\/vlakem\/wp-json\/wp\/v2\/posts\/1015\/revisions"}],"wp:attachment":[{"href":"https:\/\/blogy.chlebiq.eu\/vlakem\/wp-json\/wp\/v2\/media?parent=1015"}],"wp:term":[{"taxonomy":"category","embeddable":true,"href":"https:\/\/blogy.chlebiq.eu\/vlakem\/wp-json\/wp\/v2\/categories?post=1015"},{"taxonomy":"post_tag","embeddable":true,"href":"https:\/\/blogy.chlebiq.eu\/vlakem\/wp-json\/wp\/v2\/tags?post=1015"}],"curies":[{"name":"wp","href":"https:\/\/api.w.org\/{rel}","templated":true}]}}